{"id":86793,"date":"2016-05-23T18:29:42","date_gmt":"2016-05-23T21:29:42","guid":{"rendered":"http:\/\/www.redenoticia.com.br\/noticia\/?p=86793"},"modified":"2016-05-23T16:32:03","modified_gmt":"2016-05-23T19:32:03","slug":"novela-eta-mundo-bom-resumo-2405-diana-enfrenta-severo","status":"publish","type":"post","link":"https:\/\/migracao.redenoticia.com.br\/noticia\/2016\/novela-eta-mundo-bom-resumo-2405-diana-enfrenta-severo\/86793","title":{"rendered":"Novela \u201cEta Mundo Bom\u201d resumo 24\/05: Diana enfrenta Severo"},"content":{"rendered":"<p> <img loading=\"lazy\" decoding=\"async\" class=\"alignleft size-thumbnail wp-image-82131\" src=\"https:\/\/migracao.redenoticia.com.br\/noticia\/imagens\/eta_mundo_bom_globo_novela_resumo-150x112.jpg\" alt=\"eta_mundo_bom_globo_novela_resumo\" width=\"150\" height=\"112\" srcset=\"https:\/\/migracao.redenoticia.com.br\/noticia\/imagens\/eta_mundo_bom_globo_novela_resumo-150x112.jpg 150w, https:\/\/migracao.redenoticia.com.br\/noticia\/imagens\/eta_mundo_bom_globo_novela_resumo-265x198.jpg 265w\" sizes=\"auto, (max-width: 150px) 100vw, 150px\" \/><strong><em>Novela \u201cEta Mundo Bom\u201d resumo 24\/05<\/em><\/strong>: Diana est\u00e1 cansada de sofrer as humilha\u00e7\u00f5es de Severo, resolve dar um basta e o enfrenta. O vil\u00e3o fica furioso e parte para a agress\u00e3o. Desesperada, a ex-dan\u00e7arina procura Paulina e esta lhe diz que deve mudar sua estrat\u00e9gia para assim, continuar a tirar dinheiro de Severo. Ent\u00e3o, Diana resolve fazer-se de dif\u00edcil para que o homem volte a estar aos seus p\u00e9s. Ela vai embora da casa de Severo e diz que n\u00e3o quer mais v\u00ea-lo.<\/p>\n<p>No capitulo 109 (*), novela \u201cEta Mundo Bom\u201d, ter\u00e7a-feira, 24 de maio \u2013 Tigre acorda seu plano com Ernesto. Celso pede que Sandra n\u00e3o se envolva em nenhuma arma\u00e7\u00e3o. Diana enfrenta Severo, que agride a mo\u00e7a. Tobias ajuda Emma com o jantar que oferece a Narcisa e Lauro. <\/p>\n<p>Josias e Z\u00e9 dos Porcos obrigam Cunegundes e sua fam\u00edlia a trabalhar. Z\u00e9 dos Porcos admira Mafalda. Cam\u00e9lia e Os\u00f3rio acreditam que Gerusa esteja curada de sua doen\u00e7a. <\/p>\n<p>Lauro elogia Emma pelo jantar, que na realidade foi feito por Tobias. Alertada por Paulina, Diana decide mudar sua estrat\u00e9gia com Severo. Anast\u00e1cia surpreende Sandra no momento em que a sobrinha furta seu cofre.<\/p>\n<p>(*) edi\u00e7\u00e3o da Rede Globo, Novela \u201cEta Mundo Bom\u201d, sujeito a altera\u00e7\u00e3o de data e conte\u00fado.<\/p>\n","protected":false},"excerpt":{"rendered":"<p>Novela \u201cEta Mundo Bom\u201d resumo 24\/05: Diana est\u00e1 cansada de sofrer as humilha\u00e7\u00f5es de Severo, resolve dar um basta e o enfrenta. O vil\u00e3o fica furioso e parte para a agress\u00e3o. Desesperada, a ex-dan\u00e7arina procura Paulina e esta lhe diz que deve mudar sua estrat\u00e9gia para assim, continuar a tirar dinheiro de Severo. Ent\u00e3o, Diana [&hellip;]<\/p>\n","protected":false},"author":2,"featured_media":82131,"comment_status":"open","ping_status":"closed","sticky":false,"template":"","format":"standard","meta":{"tdm_status":"","tdm_grid_status":"","footnotes":""},"categories":[379,375,343],"tags":[441],"class_list":{"0":"post-86793","1":"post","2":"type-post","3":"status-publish","4":"format-standard","5":"has-post-thumbnail","7":"category-novelas","8":"category-rede-globo","9":"category-televisao","10":"tag-resumo-do-dia"},"_links":{"self":[{"href":"https:\/\/migracao.redenoticia.com.br\/noticia\/wp-json\/wp\/v2\/posts\/86793","targetHints":{"allow":["GET"]}}],"collection":[{"href":"https:\/\/migracao.redenoticia.com.br\/noticia\/wp-json\/wp\/v2\/posts"}],"about":[{"href":"https:\/\/migracao.redenoticia.com.br\/noticia\/wp-json\/wp\/v2\/types\/post"}],"author":[{"embeddable":true,"href":"https:\/\/migracao.redenoticia.com.br\/noticia\/wp-json\/wp\/v2\/users\/2"}],"replies":[{"embeddable":true,"href":"https:\/\/migracao.redenoticia.com.br\/noticia\/wp-json\/wp\/v2\/comments?post=86793"}],"version-history":[{"count":0,"href":"https:\/\/migracao.redenoticia.com.br\/noticia\/wp-json\/wp\/v2\/posts\/86793\/revisions"}],"wp:featuredmedia":[{"embeddable":true,"href":"https:\/\/migracao.redenoticia.com.br\/noticia\/wp-json\/wp\/v2\/media\/82131"}],"wp:attachment":[{"href":"https:\/\/migracao.redenoticia.com.br\/noticia\/wp-json\/wp\/v2\/media?parent=86793"}],"wp:term":[{"taxonomy":"category","embeddable":true,"href":"https:\/\/migracao.redenoticia.com.br\/noticia\/wp-json\/wp\/v2\/categories?post=86793"},{"taxonomy":"post_tag","embeddable":true,"href":"https:\/\/migracao.redenoticia.com.br\/noticia\/wp-json\/wp\/v2\/tags?post=86793"}],"curies":[{"name":"wp","href":"https:\/\/api.w.org\/{rel}","templated":true}]}}