{"id":8685,"date":"2009-08-14T21:48:24","date_gmt":"2009-08-15T01:48:24","guid":{"rendered":"http:\/\/www.redenoticia.com.br\/noticia\/?p=8685"},"modified":"2009-08-16T15:18:12","modified_gmt":"2009-08-16T19:18:12","slug":"rede-record-divulga-que-familia-de-peoes-da-fazenda-visitam-o-curral","status":"publish","type":"post","link":"https:\/\/migracao.redenoticia.com.br\/noticia\/2009\/rede-record-divulga-que-familia-de-peoes-da-fazenda-visitam-o-curral\/8685","title":{"rendered":"Rede Record divulga que fam\u00edlia de pe\u00f5es da Fazenda visitam O Curral"},"content":{"rendered":"<p>A Rede Record divulgou que no Show do Tom deste s\u00e1bado, dia 15\/08, os participantes de O Curral recebem visitas muito especiais. Familiares e amigos de alguns participantes do reality show A Fazenda estar\u00e3o no reality do humor\u00edstico para defender seus participantes preferidos.\u00a0Vera, m\u00e3e de Theo Becker, vai torcer por Theo Beque (Tirulipa), Pepita Rodrigues, m\u00e3e de Dado Dolabella, defender\u00e1 Dado Tiribella (Tiririca), Mano Quietinho (Vin\u00edcius Vieira) &#8220;brigar\u00e1&#8221; por Mendigo (Pedro Manso) e a pr\u00f3pria Dani Souza ficar\u00e1 ao lado de Samamboiola (Amin Kader).\u00a0<\/p>\n<p>Muita confus\u00e3o e uma divertida prova v\u00e3o definir qual pe\u00e3o de O Curral ser\u00e1 mandado para a &#8220;fossa&#8221; por Cabritto Jr. (Tom Cavalcante).<\/p>\n<p>A Rede Record vai mostrar tamb\u00e9m neste s\u00e1bado, mas durante o programa A Fazenda, a atividade em que os pe\u00f5es tiveram que de se vestir e encarnar os jurados e candidatos de \u00cddolos, novo reality show da Rede Record que estreia no dia 18 de Agosto.\u00a0Cada um dos pe\u00f5es da Fazenda teve de escolher entre cinco op\u00e7\u00f5es de m\u00fasica: Do seu lado (Jota Quest); Malandragem (C\u00e1ssia Eller); N\u00f3is trupica mas n\u00e3o cai (Rick e Renner); Deixo (Ivete Sangalo); e Deixa a vida me levar (Zeca Pagodinho).<\/p>\n<p>Fonte Rede Record<\/p>\n","protected":false},"excerpt":{"rendered":"<p>A Rede Record divulgou que no Show do Tom deste s\u00e1bado, dia 15\/08, os participantes de O Curral recebem visitas muito especiais. Familiares e amigos de alguns participantes do reality show A Fazenda estar\u00e3o no reality do humor\u00edstico para defender seus participantes preferidos.\u00a0Vera, m\u00e3e de Theo Becker, vai torcer por Theo Beque (Tirulipa), Pepita Rodrigues, [&hellip;]<\/p>\n","protected":false},"author":3,"featured_media":0,"comment_status":"open","ping_status":"open","sticky":false,"template":"","format":"standard","meta":{"tdm_status":"","tdm_grid_status":"","footnotes":""},"categories":[22,343],"tags":[],"class_list":{"0":"post-8685","1":"post","2":"type-post","3":"status-publish","4":"format-standard","6":"category-brasil","7":"category-televisao"},"_links":{"self":[{"href":"https:\/\/migracao.redenoticia.com.br\/noticia\/wp-json\/wp\/v2\/posts\/8685","targetHints":{"allow":["GET"]}}],"collection":[{"href":"https:\/\/migracao.redenoticia.com.br\/noticia\/wp-json\/wp\/v2\/posts"}],"about":[{"href":"https:\/\/migracao.redenoticia.com.br\/noticia\/wp-json\/wp\/v2\/types\/post"}],"author":[{"embeddable":true,"href":"https:\/\/migracao.redenoticia.com.br\/noticia\/wp-json\/wp\/v2\/users\/3"}],"replies":[{"embeddable":true,"href":"https:\/\/migracao.redenoticia.com.br\/noticia\/wp-json\/wp\/v2\/comments?post=8685"}],"version-history":[{"count":0,"href":"https:\/\/migracao.redenoticia.com.br\/noticia\/wp-json\/wp\/v2\/posts\/8685\/revisions"}],"wp:attachment":[{"href":"https:\/\/migracao.redenoticia.com.br\/noticia\/wp-json\/wp\/v2\/media?parent=8685"}],"wp:term":[{"taxonomy":"category","embeddable":true,"href":"https:\/\/migracao.redenoticia.com.br\/noticia\/wp-json\/wp\/v2\/categories?post=8685"},{"taxonomy":"post_tag","embeddable":true,"href":"https:\/\/migracao.redenoticia.com.br\/noticia\/wp-json\/wp\/v2\/tags?post=8685"}],"curies":[{"name":"wp","href":"https:\/\/api.w.org\/{rel}","templated":true}]}}