{"id":8695,"date":"2009-08-14T22:37:51","date_gmt":"2009-08-15T02:37:51","guid":{"rendered":"http:\/\/www.redenoticia.com.br\/noticia\/?p=8695"},"modified":"2009-08-14T22:50:50","modified_gmt":"2009-08-15T02:50:50","slug":"previsao-do-tempo-da-regiao-norte-de-15-a-1708","status":"publish","type":"post","link":"https:\/\/migracao.redenoticia.com.br\/noticia\/2009\/previsao-do-tempo-da-regiao-norte-de-15-a-1708\/8695","title":{"rendered":"Previs\u00e3o do tempo da Regi\u00e3o Norte de 15 a 17\/08"},"content":{"rendered":"<p><a href=\"https:\/\/migracao.redenoticia.com.br\/noticia\/imagens\/\/norte.jpg\"><img loading=\"lazy\" decoding=\"async\" class=\"alignleft size-full wp-image-8022\" title=\"norte\" src=\"https:\/\/migracao.redenoticia.com.br\/noticia\/imagens\/\/norte.jpg\" alt=\"norte\" width=\"150\" height=\"113\" srcset=\"https:\/\/migracao.redenoticia.com.br\/noticia\/imagens\/norte.jpg 150w, https:\/\/migracao.redenoticia.com.br\/noticia\/imagens\/norte-148x112.jpg 148w\" sizes=\"auto, (max-width: 150px) 100vw, 150px\" \/><\/a>15\/08\/2009: No norte do AM, de RR, no nordeste do PA e no AP: sol com varia\u00e7\u00e3o de nuvens e pancadas de chuva. No AC, no extremo sul do AM, no sul do PA e no TO: sol entre poucas nuvens. Nas demais \u00e1reas da Regi\u00e3o: sol com nebulosidade vari\u00e1vel e uma pequena possibilidade de pancadas de chuva. No leste do AC, no sul do AM, do PA, em RO e no TO a umidade relativa do ar estar\u00e1 baixa. As temperaturas estar\u00e3o est\u00e1veis. Temperatura m\u00e1xima: 40C no sul do AM. Temperatura m\u00ednima: 18C em RO.\u00a0<\/p>\n<p>Tend\u00eancia 16 e 17\/08: No centro-norte do AM, em RR, no nordeste do PA, no sul e sudeste do AP: sol com varia\u00e7\u00e3o de nuvens e pancadas isoladas de chuva. No TO, no sul do PA, no sudeste do AM e em RO: sol entre poucas nuvens. Nas demais \u00e1reas da Regi\u00e3o: sol com nebulosidade vari\u00e1vel e uma pequena possibilidade de pancadas de chuva. As temperaturas seguir\u00e3o est\u00e1veis. N\u00e3o haver\u00e1 grandes mudan\u00e7as no tempo para os pr\u00f3ximos dois dias.<\/p>\n<p>O Centro de Previs\u00e3o de Tempo e Estudos Clim\u00e1ticos &#8211; CPTEC, do Instituto Nacional de Pesquisas Espaciais &#8211; INPE \u00e9 o passaporte do Brasil para o primeiro mundo das previs\u00f5es meteorol\u00f3gicas. Os supercomputadores vetoriais SX-6 e SX-4 fabricados pela NEC Corporation do Jap\u00e3o, possuem capacidade de processar at\u00e9 768 bilh\u00f5es e 16 bilh\u00f5es de opera\u00e7\u00f5es aritm\u00e9ticas em ponto flutuante por segundo respectivamente. Recentemente adquirido da &#8220;NEC Corporation do Jap\u00e3o&#8221; um cluster com 1100 processadores fabricado pela &#8220;SUN Microsystem&#8221; com a capacidade de processar at\u00e9 5.7 trilh\u00f5es de opera\u00e7\u00f5es aritm\u00e9ticas em ponto flutuante por segundo. Isso significa possibilidade de utilizar modelos num\u00e9ricos para simula\u00e7\u00e3o de tempo e clima, integrando informa\u00e7\u00f5es atmosf\u00e9ricas e oce\u00e2nicas. O resultado disso s\u00e3o previs\u00f5es de tempo confi\u00e1veis, para todo o pa\u00eds.<\/p>\n<p>O sistema de computa\u00e7\u00e3o \u00e9 alimentado por informa\u00e7\u00f5es derivadas dos sat\u00e9lites Meteosat e Goes, da rede de dados da Organiza\u00e7\u00e3o Meteorol\u00f3gica Mundial (WMO) e das redes nacionais sob a responsabilidade do INMET (Minist\u00e9rio da Agricultura). Outras informa\u00e7\u00f5es v\u00eam do DEPV (Minist\u00e9rio da Aeron\u00e1utica), DHN (Minist\u00e9rio da Marinha), centros estaduais de meteorologia e de outros centros internacionais. O sat\u00e9lite brasileiro (SCD-1), que coleta dados ambientais, tamb\u00e9m desempenha papel importante no levantamento de informa\u00e7\u00f5es necess\u00e1rias \u00e0 pesquisa meteorol\u00f3gica no INPE.<\/p>\n","protected":false},"excerpt":{"rendered":"<p>15\/08\/2009: No norte do AM, de RR, no nordeste do PA e no AP: sol com varia\u00e7\u00e3o de nuvens e pancadas de chuva. No AC, no extremo sul do AM, no sul do PA e no TO: sol entre poucas nuvens. Nas demais \u00e1reas da Regi\u00e3o: sol com nebulosidade vari\u00e1vel e uma pequena possibilidade de [&hellip;]<\/p>\n","protected":false},"author":3,"featured_media":0,"comment_status":"open","ping_status":"open","sticky":false,"template":"","format":"standard","meta":{"tdm_status":"","tdm_grid_status":"","footnotes":""},"categories":[22,327],"tags":[],"class_list":{"0":"post-8695","1":"post","2":"type-post","3":"status-publish","4":"format-standard","6":"category-brasil","7":"category-clima"},"_links":{"self":[{"href":"https:\/\/migracao.redenoticia.com.br\/noticia\/wp-json\/wp\/v2\/posts\/8695","targetHints":{"allow":["GET"]}}],"collection":[{"href":"https:\/\/migracao.redenoticia.com.br\/noticia\/wp-json\/wp\/v2\/posts"}],"about":[{"href":"https:\/\/migracao.redenoticia.com.br\/noticia\/wp-json\/wp\/v2\/types\/post"}],"author":[{"embeddable":true,"href":"https:\/\/migracao.redenoticia.com.br\/noticia\/wp-json\/wp\/v2\/users\/3"}],"replies":[{"embeddable":true,"href":"https:\/\/migracao.redenoticia.com.br\/noticia\/wp-json\/wp\/v2\/comments?post=8695"}],"version-history":[{"count":0,"href":"https:\/\/migracao.redenoticia.com.br\/noticia\/wp-json\/wp\/v2\/posts\/8695\/revisions"}],"wp:attachment":[{"href":"https:\/\/migracao.redenoticia.com.br\/noticia\/wp-json\/wp\/v2\/media?parent=8695"}],"wp:term":[{"taxonomy":"category","embeddable":true,"href":"https:\/\/migracao.redenoticia.com.br\/noticia\/wp-json\/wp\/v2\/categories?post=8695"},{"taxonomy":"post_tag","embeddable":true,"href":"https:\/\/migracao.redenoticia.com.br\/noticia\/wp-json\/wp\/v2\/tags?post=8695"}],"curies":[{"name":"wp","href":"https:\/\/api.w.org\/{rel}","templated":true}]}}