{"id":8697,"date":"2009-08-14T22:42:29","date_gmt":"2009-08-15T02:42:29","guid":{"rendered":"http:\/\/www.redenoticia.com.br\/noticia\/?p=8697"},"modified":"2009-08-14T22:51:11","modified_gmt":"2009-08-15T02:51:11","slug":"previsao-do-tempo-da-regiao-sul-de-15-a-1708","status":"publish","type":"post","link":"https:\/\/migracao.redenoticia.com.br\/noticia\/2009\/previsao-do-tempo-da-regiao-sul-de-15-a-1708\/8697","title":{"rendered":"Previs\u00e3o do tempo da Regi\u00e3o Sul de 15 a 17\/08"},"content":{"rendered":"<p><a href=\"https:\/\/migracao.redenoticia.com.br\/noticia\/imagens\/\/sul.jpg\"><img loading=\"lazy\" decoding=\"async\" class=\"alignleft size-full wp-image-8029\" title=\"sul\" src=\"https:\/\/migracao.redenoticia.com.br\/noticia\/imagens\/\/sul.jpg\" alt=\"sul\" width=\"150\" height=\"113\" srcset=\"https:\/\/migracao.redenoticia.com.br\/noticia\/imagens\/sul.jpg 150w, https:\/\/migracao.redenoticia.com.br\/noticia\/imagens\/sul-148x112.jpg 148w\" sizes=\"auto, (max-width: 150px) 100vw, 150px\" \/><\/a>15\/08\/2009: No sul e sudoeste do RS: sol entre poucas nuvens. Nas demais \u00e1reas do PR: predom\u00ednio de sol. As temperaturas estar\u00e3o amenas. Temperatura m\u00e1xima: 28C no sul do RS. Temperatura m\u00ednima: 03C no leste do PR.\u00a0<\/p>\n<p>16\/08\/2009: No sul e no sudoeste do RS: poss\u00edveis temporais a qualquer hora do dia. Na faixa central do RS: sol com varia\u00e7\u00e3o de nuvens e pancadas isoladas de chuva \u00e0 tarde. Nas demais \u00e1reas da regi\u00e3o: sol entre poucas nuvens. As temperaturas estar\u00e3o em decl\u00ednio no sul do RS.<\/p>\n<p>Tend\u00eancia 17\/08: No centro-sudoeste do RS: nublado com chuva pela manh\u00e3. No norte e leste do PR e no nordeste de SC: sol com varia\u00e7\u00e3o de nuvens e pancadas de chuva \u00e0 tarde. Nas demais \u00e1reas da Regi\u00e3o: nublado com chuva a qualquer hora do dia. As temperaturas estar\u00e3o baixas no RS e em decl\u00ednio nas demais localidades. Nos pr\u00f3ximos dois dias haver\u00e1 pancadas de chuva no PR, em SC e parte do RS.<\/p>\n<p>O Centro de Previs\u00e3o de Tempo e Estudos Clim\u00e1ticos &#8211; CPTEC, do Instituto Nacional de Pesquisas Espaciais &#8211; INPE \u00e9 o passaporte do Brasil para o primeiro mundo das previs\u00f5es meteorol\u00f3gicas. Os supercomputadores vetoriais SX-6 e SX-4 fabricados pela NEC Corporation do Jap\u00e3o, possuem capacidade de processar at\u00e9 768 bilh\u00f5es e 16 bilh\u00f5es de opera\u00e7\u00f5es aritm\u00e9ticas em ponto flutuante por segundo respectivamente. Recentemente adquirido da &#8220;NEC Corporation do Jap\u00e3o&#8221; um cluster com 1100 processadores fabricado pela &#8220;SUN Microsystem&#8221; com a capacidade de processar at\u00e9 5.7 trilh\u00f5es de opera\u00e7\u00f5es aritm\u00e9ticas em ponto flutuante por segundo. Isso significa possibilidade de utilizar modelos num\u00e9ricos para simula\u00e7\u00e3o de tempo e clima, integrando informa\u00e7\u00f5es atmosf\u00e9ricas e oce\u00e2nicas. O resultado disso s\u00e3o previs\u00f5es de tempo confi\u00e1veis, para todo o pa\u00eds.<\/p>\n<p>O sistema de computa\u00e7\u00e3o \u00e9 alimentado por informa\u00e7\u00f5es derivadas dos sat\u00e9lites Meteosat e Goes, da rede de dados da Organiza\u00e7\u00e3o Meteorol\u00f3gica Mundial (WMO) e das redes nacionais sob a responsabilidade do INMET (Minist\u00e9rio da Agricultura). Outras informa\u00e7\u00f5es v\u00eam do DEPV (Minist\u00e9rio da Aeron\u00e1utica), DHN (Minist\u00e9rio da Marinha), centros estaduais de meteorologia e de outros centros internacionais. O sat\u00e9lite brasileiro (SCD-1), que coleta dados ambientais, tamb\u00e9m desempenha papel importante no levantamento de informa\u00e7\u00f5es necess\u00e1rias \u00e0 pesquisa meteorol\u00f3gica no INPE.<\/p>\n","protected":false},"excerpt":{"rendered":"<p>15\/08\/2009: No sul e sudoeste do RS: sol entre poucas nuvens. Nas demais \u00e1reas do PR: predom\u00ednio de sol. As temperaturas estar\u00e3o amenas. Temperatura m\u00e1xima: 28C no sul do RS. Temperatura m\u00ednima: 03C no leste do PR.\u00a0 16\/08\/2009: No sul e no sudoeste do RS: poss\u00edveis temporais a qualquer hora do dia. Na faixa central [&hellip;]<\/p>\n","protected":false},"author":3,"featured_media":0,"comment_status":"open","ping_status":"open","sticky":false,"template":"","format":"standard","meta":{"tdm_status":"","tdm_grid_status":"","footnotes":""},"categories":[22,327],"tags":[],"class_list":{"0":"post-8697","1":"post","2":"type-post","3":"status-publish","4":"format-standard","6":"category-brasil","7":"category-clima"},"_links":{"self":[{"href":"https:\/\/migracao.redenoticia.com.br\/noticia\/wp-json\/wp\/v2\/posts\/8697","targetHints":{"allow":["GET"]}}],"collection":[{"href":"https:\/\/migracao.redenoticia.com.br\/noticia\/wp-json\/wp\/v2\/posts"}],"about":[{"href":"https:\/\/migracao.redenoticia.com.br\/noticia\/wp-json\/wp\/v2\/types\/post"}],"author":[{"embeddable":true,"href":"https:\/\/migracao.redenoticia.com.br\/noticia\/wp-json\/wp\/v2\/users\/3"}],"replies":[{"embeddable":true,"href":"https:\/\/migracao.redenoticia.com.br\/noticia\/wp-json\/wp\/v2\/comments?post=8697"}],"version-history":[{"count":0,"href":"https:\/\/migracao.redenoticia.com.br\/noticia\/wp-json\/wp\/v2\/posts\/8697\/revisions"}],"wp:attachment":[{"href":"https:\/\/migracao.redenoticia.com.br\/noticia\/wp-json\/wp\/v2\/media?parent=8697"}],"wp:term":[{"taxonomy":"category","embeddable":true,"href":"https:\/\/migracao.redenoticia.com.br\/noticia\/wp-json\/wp\/v2\/categories?post=8697"},{"taxonomy":"post_tag","embeddable":true,"href":"https:\/\/migracao.redenoticia.com.br\/noticia\/wp-json\/wp\/v2\/tags?post=8697"}],"curies":[{"name":"wp","href":"https:\/\/api.w.org\/{rel}","templated":true}]}}