{"id":87017,"date":"2016-05-26T19:39:29","date_gmt":"2016-05-26T22:39:29","guid":{"rendered":"http:\/\/www.redenoticia.com.br\/noticia\/?p=87017"},"modified":"2016-05-26T15:41:44","modified_gmt":"2016-05-26T18:41:44","slug":"novela-sila-resumo-2705-boran-e-o-pai-se-reunem-com-o-cla","status":"publish","type":"post","link":"https:\/\/migracao.redenoticia.com.br\/noticia\/2016\/novela-sila-resumo-2705-boran-e-o-pai-se-reunem-com-o-cla\/87017","title":{"rendered":"Novela \u201cSila\u201d resumo 27\/05: Boran e o pai se re\u00fanem com o cl\u00e3"},"content":{"rendered":"<p> <img loading=\"lazy\" decoding=\"async\" class=\"alignleft size-thumbnail wp-image-83098\" src=\"https:\/\/migracao.redenoticia.com.br\/noticia\/imagens\/sila_band_novela_resumo_capitulo-150x112.jpg\" alt=\"sila_band_novela_resumo_capitulo\" width=\"150\" height=\"112\" srcset=\"https:\/\/migracao.redenoticia.com.br\/noticia\/imagens\/sila_band_novela_resumo_capitulo-150x112.jpg 150w, https:\/\/migracao.redenoticia.com.br\/noticia\/imagens\/sila_band_novela_resumo_capitulo-265x198.jpg 265w\" sizes=\"auto, (max-width: 150px) 100vw, 150px\" \/><strong><em> Novela \u201cSila\u201d resumo 27\/05<\/em><\/strong>: Sila diz a Boran que desistiu de vender as terras que comprou em Mardin e os dois brigam. Logo depois, Boran descobre que seu pai est\u00e1 doente e decide voltar para sua terra natal. Boran pede que Sila volte com ele. Sila decide ir para Mardin e ficar ao lado de Boran. Ao chegar no vilarejo, Boran e o pai se re\u00fanem com o cl\u00e3 para decidir o futuro de Sila.<\/p>\n<p>No capitulo 052(*), novela \u201cSila\u201d, sexta-feira, 27 de maio &#8211; Sila conta a Boran que Ayse fugiu de Mardin. Burhan segue Esma para flagrar uma trai\u00e7\u00e3o. Sila diz a Boran que desistiu de vender as terras que comprou em Mardin e os dois brigam. Boran decide voltar para sua terra natal depois de saber que o pai est\u00e1 doente. Boran pede que Sila volte com ele&#8230;. Dihan fala com seu pai. Ele est\u00e1 chateado porque Boran est\u00e1 faltando com respeito por todos na tribo.<\/p>\n<p> Sila decide ir para Mardin e ficar ao lado de Boran. Boran e o pai se re\u00fanem com o cl\u00e3 para decidir o futuro de Sila. Celil continua jogando e acaba se envolvendo com a pol\u00edcia. Boran diz ao pai que far\u00e1 tudo para proteger a mulher e o filho. O pai se recusa a receber Sila em Mardin.<\/p>\n<p>Sila est\u00e1 muito perto de cair na armadilha do pai do Boran. No entanto, quando ela decide escapar do acordo, aparecem v\u00e1rios homens que a sequestram. Boran descobre que foi seu pai quem enviou o homem que deveria negociar as terras com Sila. Enquanto isso, Sila segue sequestrada e, na estrada, dentro de um carro, come\u00e7a a sentir dor no ventre. Ela teme perder o seu filho. Finalmente, Dihan chega no povoado e leva Sila ao pai da Boran.<\/p>\n<p>(*) edi\u00e7\u00e3o da Band, Novela \u201cSila\u201d, sujeito a altera\u00e7\u00e3o de data e conte\u00fado.  <\/p>\n","protected":false},"excerpt":{"rendered":"<p>Novela \u201cSila\u201d resumo 27\/05: Sila diz a Boran que desistiu de vender as terras que comprou em Mardin e os dois brigam. Logo depois, Boran descobre que seu pai est\u00e1 doente e decide voltar para sua terra natal. Boran pede que Sila volte com ele. Sila decide ir para Mardin e ficar ao lado de [&hellip;]<\/p>\n","protected":false},"author":2,"featured_media":83098,"comment_status":"open","ping_status":"closed","sticky":false,"template":"","format":"standard","meta":{"tdm_status":"","tdm_grid_status":"","footnotes":""},"categories":[390,379,343],"tags":[441],"class_list":{"0":"post-87017","1":"post","2":"type-post","3":"status-publish","4":"format-standard","5":"has-post-thumbnail","7":"category-band","8":"category-novelas","9":"category-televisao","10":"tag-resumo-do-dia"},"_links":{"self":[{"href":"https:\/\/migracao.redenoticia.com.br\/noticia\/wp-json\/wp\/v2\/posts\/87017","targetHints":{"allow":["GET"]}}],"collection":[{"href":"https:\/\/migracao.redenoticia.com.br\/noticia\/wp-json\/wp\/v2\/posts"}],"about":[{"href":"https:\/\/migracao.redenoticia.com.br\/noticia\/wp-json\/wp\/v2\/types\/post"}],"author":[{"embeddable":true,"href":"https:\/\/migracao.redenoticia.com.br\/noticia\/wp-json\/wp\/v2\/users\/2"}],"replies":[{"embeddable":true,"href":"https:\/\/migracao.redenoticia.com.br\/noticia\/wp-json\/wp\/v2\/comments?post=87017"}],"version-history":[{"count":0,"href":"https:\/\/migracao.redenoticia.com.br\/noticia\/wp-json\/wp\/v2\/posts\/87017\/revisions"}],"wp:featuredmedia":[{"embeddable":true,"href":"https:\/\/migracao.redenoticia.com.br\/noticia\/wp-json\/wp\/v2\/media\/83098"}],"wp:attachment":[{"href":"https:\/\/migracao.redenoticia.com.br\/noticia\/wp-json\/wp\/v2\/media?parent=87017"}],"wp:term":[{"taxonomy":"category","embeddable":true,"href":"https:\/\/migracao.redenoticia.com.br\/noticia\/wp-json\/wp\/v2\/categories?post=87017"},{"taxonomy":"post_tag","embeddable":true,"href":"https:\/\/migracao.redenoticia.com.br\/noticia\/wp-json\/wp\/v2\/tags?post=87017"}],"curies":[{"name":"wp","href":"https:\/\/api.w.org\/{rel}","templated":true}]}}