{"id":8702,"date":"2009-08-14T22:48:18","date_gmt":"2009-08-15T02:48:18","guid":{"rendered":"http:\/\/www.redenoticia.com.br\/noticia\/?p=8702"},"modified":"2009-08-14T22:48:18","modified_gmt":"2009-08-15T02:48:18","slug":"previsao-do-tempo-no-vale-do-paraiba-litoral-norte-e-serra-da-mantiqueira","status":"publish","type":"post","link":"https:\/\/migracao.redenoticia.com.br\/noticia\/2009\/previsao-do-tempo-no-vale-do-paraiba-litoral-norte-e-serra-da-mantiqueira\/8702","title":{"rendered":"Previs\u00e3o do tempo no Vale do Para\u00edba, Litoral Norte e Serra da Mantiqueira"},"content":{"rendered":"<p><a href=\"https:\/\/migracao.redenoticia.com.br\/noticia\/imagens\/\/satelite.jpg\"><img loading=\"lazy\" decoding=\"async\" class=\"alignleft size-full wp-image-6819\" title=\"satelite\" src=\"https:\/\/migracao.redenoticia.com.br\/noticia\/imagens\/\/satelite.jpg\" alt=\"satelite\" width=\"150\" height=\"113\" \/><\/a>Neste s\u00e1bado (15\/08), o sol continuar\u00e1 predominando e as temperaturas m\u00e1ximas estar\u00e3o elevadas em toda regi\u00e3o. A umidade relativa do ar dever\u00e1 ficar em torno de 30% na regi\u00e3o do Vale do Para\u00edba. \u00a0No domingo (16\/08), o tempo n\u00e3o muda. A massa de ar seco continua predominando na regi\u00e3o causando mais um dia de sol e temperaturas elevadas.\u00a0<\/p>\n<p>Tend\u00eancia para os pr\u00f3ximos dias:<br \/>\nA segunda-feira (17\/08) o sol aparecer\u00e1 entre poucas nuvens na regi\u00e3o, e as temperaturas continuar\u00e3o elevada.<br \/>\nNa ter\u00e7a-feira (18\/08) o dia ser\u00e1 de varia\u00e7\u00e3o de nebulosidade. As temperaturas m\u00e1ximas ter\u00e3o um pequeno decl\u00ednio.<\/p>\n<p>O Centro de Previs\u00e3o de Tempo e Estudos Clim\u00e1ticos &#8211; CPTEC, do Instituto Nacional de Pesquisas Espaciais &#8211; INPE \u00e9 o passaporte do Brasil para o primeiro mundo das previs\u00f5es meteorol\u00f3gicas. Os supercomputadores vetoriais SX-6 e SX-4 fabricados pela NEC Corporation do Jap\u00e3o, possuem capacidade de processar at\u00e9 768 bilh\u00f5es e 16 bilh\u00f5es de opera\u00e7\u00f5es aritm\u00e9ticas em ponto flutuante por segundo respectivamente. Recentemente adquirido da &#8220;NEC Corporation do Jap\u00e3o&#8221; um cluster com 1100 processadores fabricado pela &#8220;SUN Microsystem&#8221; com a capacidade de processar at\u00e9 5.7 trilh\u00f5es de opera\u00e7\u00f5es aritm\u00e9ticas em ponto flutuante por segundo. Isso significa possibilidade de utilizar modelos num\u00e9ricos para simula\u00e7\u00e3o de tempo e clima, integrando informa\u00e7\u00f5es atmosf\u00e9ricas e oce\u00e2nicas. O resultado disso s\u00e3o previs\u00f5es de tempo confi\u00e1veis, para todo o pa\u00eds.<\/p>\n<p>O sistema de computa\u00e7\u00e3o \u00e9 alimentado por informa\u00e7\u00f5es derivadas dos sat\u00e9lites Meteosat e Goes, da rede de dados da Organiza\u00e7\u00e3o Meteorol\u00f3gica Mundial (WMO) e das redes nacionais sob a responsabilidade do INMET (Minist\u00e9rio da Agricultura). Outras informa\u00e7\u00f5es v\u00eam do DEPV (Minist\u00e9rio da Aeron\u00e1utica), DHN (Minist\u00e9rio da Marinha), centros estaduais de meteorologia e de outros centros internacionais. O sat\u00e9lite brasileiro (SCD-1), que coleta dados ambientais, tamb\u00e9m desempenha papel importante no levantamento de informa\u00e7\u00f5es necess\u00e1rias \u00e0 pesquisa meteorol\u00f3gica no INPE.<\/p>\n","protected":false},"excerpt":{"rendered":"<p>Neste s\u00e1bado (15\/08), o sol continuar\u00e1 predominando e as temperaturas m\u00e1ximas estar\u00e3o elevadas em toda regi\u00e3o. A umidade relativa do ar dever\u00e1 ficar em torno de 30% na regi\u00e3o do Vale do Para\u00edba. \u00a0No domingo (16\/08), o tempo n\u00e3o muda. A massa de ar seco continua predominando na regi\u00e3o causando mais um dia de sol [&hellip;]<\/p>\n","protected":false},"author":3,"featured_media":0,"comment_status":"open","ping_status":"open","sticky":false,"template":"","format":"standard","meta":{"tdm_status":"","tdm_grid_status":"","footnotes":""},"categories":[22,327],"tags":[],"class_list":{"0":"post-8702","1":"post","2":"type-post","3":"status-publish","4":"format-standard","6":"category-brasil","7":"category-clima"},"_links":{"self":[{"href":"https:\/\/migracao.redenoticia.com.br\/noticia\/wp-json\/wp\/v2\/posts\/8702","targetHints":{"allow":["GET"]}}],"collection":[{"href":"https:\/\/migracao.redenoticia.com.br\/noticia\/wp-json\/wp\/v2\/posts"}],"about":[{"href":"https:\/\/migracao.redenoticia.com.br\/noticia\/wp-json\/wp\/v2\/types\/post"}],"author":[{"embeddable":true,"href":"https:\/\/migracao.redenoticia.com.br\/noticia\/wp-json\/wp\/v2\/users\/3"}],"replies":[{"embeddable":true,"href":"https:\/\/migracao.redenoticia.com.br\/noticia\/wp-json\/wp\/v2\/comments?post=8702"}],"version-history":[{"count":0,"href":"https:\/\/migracao.redenoticia.com.br\/noticia\/wp-json\/wp\/v2\/posts\/8702\/revisions"}],"wp:attachment":[{"href":"https:\/\/migracao.redenoticia.com.br\/noticia\/wp-json\/wp\/v2\/media?parent=8702"}],"wp:term":[{"taxonomy":"category","embeddable":true,"href":"https:\/\/migracao.redenoticia.com.br\/noticia\/wp-json\/wp\/v2\/categories?post=8702"},{"taxonomy":"post_tag","embeddable":true,"href":"https:\/\/migracao.redenoticia.com.br\/noticia\/wp-json\/wp\/v2\/tags?post=8702"}],"curies":[{"name":"wp","href":"https:\/\/api.w.org\/{rel}","templated":true}]}}