{"id":87026,"date":"2016-05-26T15:58:56","date_gmt":"2016-05-26T18:58:56","guid":{"rendered":"http:\/\/www.redenoticia.com.br\/noticia\/?p=87026"},"modified":"2016-05-26T15:58:56","modified_gmt":"2016-05-26T18:58:56","slug":"novela-anjo-mau-resumo-2705-ricardo-diz-a-rui-que-nao-vai-casar-com-paula","status":"publish","type":"post","link":"https:\/\/migracao.redenoticia.com.br\/noticia\/2016\/novela-anjo-mau-resumo-2705-ricardo-diz-a-rui-que-nao-vai-casar-com-paula\/87026","title":{"rendered":"Novela \u201cAnjo Mau\u201d resumo 27\/05: Ricardo diz a Rui que n\u00e3o vai casar com Paula"},"content":{"rendered":"<p> <img loading=\"lazy\" decoding=\"async\" class=\"alignleft size-thumbnail wp-image-83094\" src=\"https:\/\/migracao.redenoticia.com.br\/noticia\/imagens\/anjo_mau_novela_resumo-150x112.jpg\" alt=\"anjo_mau_novela_resumo\" width=\"150\" height=\"112\" srcset=\"https:\/\/migracao.redenoticia.com.br\/noticia\/imagens\/anjo_mau_novela_resumo-150x112.jpg 150w, https:\/\/migracao.redenoticia.com.br\/noticia\/imagens\/anjo_mau_novela_resumo-265x198.jpg 265w\" sizes=\"auto, (max-width: 150px) 100vw, 150px\" \/><strong><em>Novela \u201cAnjo Mau\u201d resumo 27\/05<\/em><\/strong>: Olavinho alerta Paula que Ricardo est\u00e1 dando em cima de Vivian. Ricardo desafia Rui e diz que n\u00e3o vai se casar com Paula porque est\u00e1 apaixonado por outra mulher. Furiosa, Paula resolve ir \u00e0 casa de Cida, xinga Vivian e chama Cida de negra nojenta. Neste momento, Nice chega e revela a Paula que Cida \u00e9 sua av\u00f3. Paula fica revoltada e afirma que jamais vai reconhecer Cida como sua av\u00f3. Vivian e Bruno n\u00e3o perdoam o que Teresa fez com a pr\u00f3pria m\u00e3e. Enquanto Teresa pede a Paula que n\u00e3o conte nada a Rui sobre Cida, esta implora a Nice que n\u00e3o conte a ningu\u00e9m que ela \u00e9 av\u00f3 de Paula.<\/p>\n<p>No capitulo 045(*), novela \u201cAnjo Mau\u201d, sexta-feira, 27 de maio \u2013 Paula fica revoltada e afirma que jamais vai reconhecer Cida como sua av\u00f3. Vivian e Bruno n\u00e3o perdoam o que Teresa fez com a pr\u00f3pria m\u00e3e. Frederico manda Helena oferecer o casar\u00e3o para Goreti montar sua loja de noivas. <\/p>\n<p>Rodrigo, cercado de mulheres, manda Nice servir mais champanhe e a bab\u00e1 n\u00e3o obedece. Teresa pede a Paula que n\u00e3o conte nada a Rui sobre Cida. Stela acaba com a festinha de Rodrigo. <\/p>\n<p>Marilu n\u00e3o aceita que Am\u00e9rico case com Goreti. Cida implora a Nice que n\u00e3o conte a ningu\u00e9m que ela \u00e9 av\u00f3 de Paula. Nice confessa a J\u00falio que armou contra L\u00edgia. Rodrigo chega.<\/p>\n<p>(*) edi\u00e7\u00e3o da Rede Globo, Novela \u201cAnjo Mau\u201d, sujeito a altera\u00e7\u00e3o de data e conte\u00fado.<\/p>\n","protected":false},"excerpt":{"rendered":"<p>Novela \u201cAnjo Mau\u201d resumo 27\/05: Olavinho alerta Paula que Ricardo est\u00e1 dando em cima de Vivian. Ricardo desafia Rui e diz que n\u00e3o vai se casar com Paula porque est\u00e1 apaixonado por outra mulher. Furiosa, Paula resolve ir \u00e0 casa de Cida, xinga Vivian e chama Cida de negra nojenta. Neste momento, Nice chega e [&hellip;]<\/p>\n","protected":false},"author":2,"featured_media":83094,"comment_status":"open","ping_status":"closed","sticky":false,"template":"","format":"standard","meta":{"tdm_status":"","tdm_grid_status":"","footnotes":""},"categories":[379,375,343],"tags":[441],"class_list":{"0":"post-87026","1":"post","2":"type-post","3":"status-publish","4":"format-standard","5":"has-post-thumbnail","7":"category-novelas","8":"category-rede-globo","9":"category-televisao","10":"tag-resumo-do-dia"},"_links":{"self":[{"href":"https:\/\/migracao.redenoticia.com.br\/noticia\/wp-json\/wp\/v2\/posts\/87026","targetHints":{"allow":["GET"]}}],"collection":[{"href":"https:\/\/migracao.redenoticia.com.br\/noticia\/wp-json\/wp\/v2\/posts"}],"about":[{"href":"https:\/\/migracao.redenoticia.com.br\/noticia\/wp-json\/wp\/v2\/types\/post"}],"author":[{"embeddable":true,"href":"https:\/\/migracao.redenoticia.com.br\/noticia\/wp-json\/wp\/v2\/users\/2"}],"replies":[{"embeddable":true,"href":"https:\/\/migracao.redenoticia.com.br\/noticia\/wp-json\/wp\/v2\/comments?post=87026"}],"version-history":[{"count":0,"href":"https:\/\/migracao.redenoticia.com.br\/noticia\/wp-json\/wp\/v2\/posts\/87026\/revisions"}],"wp:featuredmedia":[{"embeddable":true,"href":"https:\/\/migracao.redenoticia.com.br\/noticia\/wp-json\/wp\/v2\/media\/83094"}],"wp:attachment":[{"href":"https:\/\/migracao.redenoticia.com.br\/noticia\/wp-json\/wp\/v2\/media?parent=87026"}],"wp:term":[{"taxonomy":"category","embeddable":true,"href":"https:\/\/migracao.redenoticia.com.br\/noticia\/wp-json\/wp\/v2\/categories?post=87026"},{"taxonomy":"post_tag","embeddable":true,"href":"https:\/\/migracao.redenoticia.com.br\/noticia\/wp-json\/wp\/v2\/tags?post=87026"}],"curies":[{"name":"wp","href":"https:\/\/api.w.org\/{rel}","templated":true}]}}