{"id":87028,"date":"2016-05-26T17:59:11","date_gmt":"2016-05-26T20:59:11","guid":{"rendered":"http:\/\/www.redenoticia.com.br\/noticia\/?p=87028"},"modified":"2016-05-26T16:02:07","modified_gmt":"2016-05-26T19:02:07","slug":"novela-malhacao-resumo-2705-flavia-decide-ajudar-roger-a-ficar-com-luciana","status":"publish","type":"post","link":"https:\/\/migracao.redenoticia.com.br\/noticia\/2016\/novela-malhacao-resumo-2705-flavia-decide-ajudar-roger-a-ficar-com-luciana\/87028","title":{"rendered":"Novela \u201cMalha\u00e7\u00e3o\u201d resumo 27\/05: Fl\u00e1via decide ajudar Roger a ficar com Luciana"},"content":{"rendered":"<p> <img loading=\"lazy\" decoding=\"async\" src=\"https:\/\/migracao.redenoticia.com.br\/noticia\/imagens\/malhacao_seu_lugar_no_mundo-150x112.jpg\" alt=\"malhacao_seu_lugar_no_mundo\" width=\"150\" height=\"112\" class=\"alignleft size-thumbnail wp-image-72511\" srcset=\"https:\/\/migracao.redenoticia.com.br\/noticia\/imagens\/malhacao_seu_lugar_no_mundo-150x112.jpg 150w, https:\/\/migracao.redenoticia.com.br\/noticia\/imagens\/malhacao_seu_lugar_no_mundo-265x198.jpg 265w\" sizes=\"auto, (max-width: 150px) 100vw, 150px\" \/><strong><em>Novela \u201cMalha\u00e7\u00e3o\u201d resumo 27\/05 <\/em><\/strong>: Luciana cai mais uma vez nas arma\u00e7\u00f5es de Roger e Fl\u00e1via. S\u00f3 que, dessa vez, Luciana fica arrasada. Ela v\u00ea a blusa com a homenagem para Fl\u00e1via dentro da mochila de Rodrigo. Nanda que est\u00e1 junto dela tenta explicar que a homenagem \u00e9 normal, j\u00e1 que os dois s\u00e3o namorados. Luciana n\u00e3o entende por que ele continua a procura-la. Depois, Luciana desabafa com Roger este se faz de fofo e pede desculpas por ela estar triste. A garota n\u00e3o entende o por qu\u00ea da atitude dele e pergunta se foi ele quem fez a camiseta. Roger fica sem a\u00e7\u00e3o. Luciana se desculpa com Roger e decide se afastar dele. Mais tarde, Fl\u00e1via decide ajudar Roger a ficar com Luciana.<\/p>\n<p>No capitulo 203 (*), novela \u201cMalha\u00e7\u00e3o\u201d, sexta-feira, 27 de maio \u2013  Luciana se desculpa com Roger e decide se afastar do menino. Ilza se incomoda com as insinua\u00e7\u00f5es de Rodrigo contra Tito. Tain\u00e1 pede a ajuda de J\u00e9ssica para comprar um anel de compromisso para Luan. <\/p>\n<p>Miguel se irrita ao encontrar Tito na casa de Sandra, e Ana comunica que ele \u00e9 o novo colega de trabalho. J\u00e9ssica arma contra Tain\u00e1 e Nanda repreende a amiga. Beto convence Miguel a ficar para jantar. Jorge d\u00e1 uma aula sobre a hist\u00f3ria do samba para os meninos. Fl\u00e1via decide ajudar Roger a ficar com Luciana. <\/p>\n<p>Sandra comenta com Ilza sobre a proximidade entre Ana e Tito. Rodrigo pede uma nova chance para Luciana, mas ela o repele. Miguel exige que Ana explique sua rela\u00e7\u00e3o com Tito.<\/p>\n<p>(*) edi\u00e7\u00e3o da Rede Globo, Novela \u201cMalha\u00e7\u00e3o\u201d, sujeito a altera\u00e7\u00e3o de data e conte\u00fado.<\/p>\n","protected":false},"excerpt":{"rendered":"<p>Novela \u201cMalha\u00e7\u00e3o\u201d resumo 27\/05 : Luciana cai mais uma vez nas arma\u00e7\u00f5es de Roger e Fl\u00e1via. S\u00f3 que, dessa vez, Luciana fica arrasada. Ela v\u00ea a blusa com a homenagem para Fl\u00e1via dentro da mochila de Rodrigo. Nanda que est\u00e1 junto dela tenta explicar que a homenagem \u00e9 normal, j\u00e1 que os dois s\u00e3o namorados. [&hellip;]<\/p>\n","protected":false},"author":2,"featured_media":72511,"comment_status":"open","ping_status":"closed","sticky":false,"template":"","format":"standard","meta":{"tdm_status":"","tdm_grid_status":"","footnotes":""},"categories":[379,375,343],"tags":[441],"class_list":{"0":"post-87028","1":"post","2":"type-post","3":"status-publish","4":"format-standard","5":"has-post-thumbnail","7":"category-novelas","8":"category-rede-globo","9":"category-televisao","10":"tag-resumo-do-dia"},"_links":{"self":[{"href":"https:\/\/migracao.redenoticia.com.br\/noticia\/wp-json\/wp\/v2\/posts\/87028","targetHints":{"allow":["GET"]}}],"collection":[{"href":"https:\/\/migracao.redenoticia.com.br\/noticia\/wp-json\/wp\/v2\/posts"}],"about":[{"href":"https:\/\/migracao.redenoticia.com.br\/noticia\/wp-json\/wp\/v2\/types\/post"}],"author":[{"embeddable":true,"href":"https:\/\/migracao.redenoticia.com.br\/noticia\/wp-json\/wp\/v2\/users\/2"}],"replies":[{"embeddable":true,"href":"https:\/\/migracao.redenoticia.com.br\/noticia\/wp-json\/wp\/v2\/comments?post=87028"}],"version-history":[{"count":0,"href":"https:\/\/migracao.redenoticia.com.br\/noticia\/wp-json\/wp\/v2\/posts\/87028\/revisions"}],"wp:featuredmedia":[{"embeddable":true,"href":"https:\/\/migracao.redenoticia.com.br\/noticia\/wp-json\/wp\/v2\/media\/72511"}],"wp:attachment":[{"href":"https:\/\/migracao.redenoticia.com.br\/noticia\/wp-json\/wp\/v2\/media?parent=87028"}],"wp:term":[{"taxonomy":"category","embeddable":true,"href":"https:\/\/migracao.redenoticia.com.br\/noticia\/wp-json\/wp\/v2\/categories?post=87028"},{"taxonomy":"post_tag","embeddable":true,"href":"https:\/\/migracao.redenoticia.com.br\/noticia\/wp-json\/wp\/v2\/tags?post=87028"}],"curies":[{"name":"wp","href":"https:\/\/api.w.org\/{rel}","templated":true}]}}