{"id":87256,"date":"2016-05-31T20:07:28","date_gmt":"2016-05-31T23:07:28","guid":{"rendered":"http:\/\/www.redenoticia.com.br\/noticia\/?p=87256"},"modified":"2016-05-31T15:08:52","modified_gmt":"2016-05-31T18:08:52","slug":"novela-sila-resumo-0106-boran-humilha-dihan-em-praca-publica","status":"publish","type":"post","link":"https:\/\/migracao.redenoticia.com.br\/noticia\/2016\/novela-sila-resumo-0106-boran-humilha-dihan-em-praca-publica\/87256","title":{"rendered":"Novela \u201cSila\u201d resumo 01\/06: Boran humilha Dihan em pra\u00e7a p\u00fablica"},"content":{"rendered":"<p> <img loading=\"lazy\" decoding=\"async\" class=\"alignleft size-thumbnail wp-image-83098\" src=\"https:\/\/migracao.redenoticia.com.br\/noticia\/imagens\/sila_band_novela_resumo_capitulo-150x112.jpg\" alt=\"sila_band_novela_resumo_capitulo\" width=\"150\" height=\"112\" srcset=\"https:\/\/migracao.redenoticia.com.br\/noticia\/imagens\/sila_band_novela_resumo_capitulo-150x112.jpg 150w, https:\/\/migracao.redenoticia.com.br\/noticia\/imagens\/sila_band_novela_resumo_capitulo-265x198.jpg 265w\" sizes=\"auto, (max-width: 150px) 100vw, 150px\" \/><strong><em> Novela \u201cSila\u201d resumo 01\/06<\/em><\/strong>: Sila \u00e9 sequestrada por Dihan, que a tortura para que ela transfira para ele as terras que comprou em Mardim. Boran descobre que seu pai armou um plano contra Sila e fica chateado. Enquanto isso, Sila segue sequestrada e teme perder o seu filho. Boran encontra Sila e a leva ao hospital. Boran discute com o pai, pois ele n\u00e3o quer permitir a entrada de Sila na casa da fam\u00edlia. Boran pede a Sila que lhe conte tudo o que Dihan fez contra ela e seu filho. Ap\u00f3s ouvir todo o relato de sua esposa, Boran toma uma decis\u00e3o e chama a todos da tribo para uma reuni\u00e3o oficial. Boran humilha Dihan em pra\u00e7a p\u00fablica.<\/p>\n<p>No capitulo 056(*), novela \u201cSila\u201d, quarta-feira, 01 de junho &#8211; Boran encontra Sila e a leva ao hospital. Celil vai a Mardin decidido a se vingar dos chefes do cl\u00e3. Bedar tamb\u00e9m viaja para Mardin. O beb\u00ea de Sila sobrevive&#8230;.<\/p>\n<p> Dihan visita a esposa e os filhos. Boran cuida de Sila no hospital. Boran discute com o pai, pois ele n\u00e3o quer permitir a entrada de Sila na casa da fam\u00edlia. Boran pede a Sila que lhe conte tudo o que Dihan fez contra ela e seu filho. Ap\u00f3s ouvir todo o relato de sua esposa, Boran toma uma decis\u00e3o e chama a todos da tribo para uma reuni\u00e3o oficial. Boran humilha Dihan em pra\u00e7a p\u00fablica. Kevser tenta expulsar Sila de casa, mas Boran a impede. Firuz permite que Sila fique&#8230;.Boran decide que Sila deve ficar em sua casa, apesar de Bedar pedir para ficar com ela.<\/p>\n<p> Dihan agride sua pr\u00f3pria esposa. A pol\u00edcia come\u00e7a a investigar o sequestro de Sila. Sivan busca a irm\u00e3 Ayse na casa de Bedar e a devolve ao marido. Ele volta a agredi-la. Narin encontra o pai e ele se nega a cumpriment\u00e1-la.<\/p>\n<p>(*) edi\u00e7\u00e3o da Band, Novela \u201cSila\u201d, sujeito a altera\u00e7\u00e3o de data e conte\u00fado. <\/p>\n","protected":false},"excerpt":{"rendered":"<p>Novela \u201cSila\u201d resumo 01\/06: Sila \u00e9 sequestrada por Dihan, que a tortura para que ela transfira para ele as terras que comprou em Mardim. Boran descobre que seu pai armou um plano contra Sila e fica chateado. Enquanto isso, Sila segue sequestrada e teme perder o seu filho. Boran encontra Sila e a leva ao [&hellip;]<\/p>\n","protected":false},"author":2,"featured_media":83098,"comment_status":"open","ping_status":"closed","sticky":false,"template":"","format":"standard","meta":{"tdm_status":"","tdm_grid_status":"","footnotes":""},"categories":[390,379,343],"tags":[441],"class_list":{"0":"post-87256","1":"post","2":"type-post","3":"status-publish","4":"format-standard","5":"has-post-thumbnail","7":"category-band","8":"category-novelas","9":"category-televisao","10":"tag-resumo-do-dia"},"_links":{"self":[{"href":"https:\/\/migracao.redenoticia.com.br\/noticia\/wp-json\/wp\/v2\/posts\/87256","targetHints":{"allow":["GET"]}}],"collection":[{"href":"https:\/\/migracao.redenoticia.com.br\/noticia\/wp-json\/wp\/v2\/posts"}],"about":[{"href":"https:\/\/migracao.redenoticia.com.br\/noticia\/wp-json\/wp\/v2\/types\/post"}],"author":[{"embeddable":true,"href":"https:\/\/migracao.redenoticia.com.br\/noticia\/wp-json\/wp\/v2\/users\/2"}],"replies":[{"embeddable":true,"href":"https:\/\/migracao.redenoticia.com.br\/noticia\/wp-json\/wp\/v2\/comments?post=87256"}],"version-history":[{"count":0,"href":"https:\/\/migracao.redenoticia.com.br\/noticia\/wp-json\/wp\/v2\/posts\/87256\/revisions"}],"wp:featuredmedia":[{"embeddable":true,"href":"https:\/\/migracao.redenoticia.com.br\/noticia\/wp-json\/wp\/v2\/media\/83098"}],"wp:attachment":[{"href":"https:\/\/migracao.redenoticia.com.br\/noticia\/wp-json\/wp\/v2\/media?parent=87256"}],"wp:term":[{"taxonomy":"category","embeddable":true,"href":"https:\/\/migracao.redenoticia.com.br\/noticia\/wp-json\/wp\/v2\/categories?post=87256"},{"taxonomy":"post_tag","embeddable":true,"href":"https:\/\/migracao.redenoticia.com.br\/noticia\/wp-json\/wp\/v2\/tags?post=87256"}],"curies":[{"name":"wp","href":"https:\/\/api.w.org\/{rel}","templated":true}]}}