{"id":87297,"date":"2016-06-01T10:18:05","date_gmt":"2016-06-01T13:18:05","guid":{"rendered":"http:\/\/www.redenoticia.com.br\/noticia\/?p=87297"},"modified":"2016-05-31T18:19:09","modified_gmt":"2016-05-31T21:19:09","slug":"pais-tem-primeiro-teste-rapido-nacional-para-zika","status":"publish","type":"post","link":"https:\/\/migracao.redenoticia.com.br\/noticia\/2016\/pais-tem-primeiro-teste-rapido-nacional-para-zika\/87297","title":{"rendered":"Pa\u00eds tem primeiro teste r\u00e1pido nacional para zika"},"content":{"rendered":"<p> A Secretaria de Sa\u00fade da Bahia obteve o registro da Ag\u00eancia Nacional de Vigil\u00e2ncia Sanit\u00e1ria (Anvisa) e apresentou em Salvador, o primeiro teste sorol\u00f3gico r\u00e1pido nacional para detec\u00e7\u00e3o do v\u00edrus <strong><em>Zika<\/em><\/strong>. Assim, o exame que costumava levar semanas ter\u00e1 resultado em at\u00e9 20 minutos.<\/p>\n<p>O Secret\u00e1rio de Sa\u00fade da Bahia, F\u00e1bio Vilas-Boas, destaca que o teste r\u00e1pido facilitar\u00e1 a vida da popula\u00e7\u00e3o, ao permitir \u00e0s mulheres, por exemplo, saberem se j\u00e1 foram ou est\u00e3o infectadas pelo v\u00edrus.<\/p>\n<p>\u201cHoje existe uma quantidade de pessoas com sintomas que n\u00e3o t\u00eam o diagn\u00f3stico definitivo, ou seja, voc\u00ea acha que a pessoa tem a zika, mas pode ser uma outra virose. A partir de agora, principalmente para as mulheres em idade gestacional, ter a informa\u00e7\u00e3o se ela teve ou ainda n\u00e3o zika \u00e9 extremamente relevante para a decis\u00e3o dela, em iniciar uma gesta\u00e7\u00e3o\u201d, ressalta F\u00e1bio Villas-Boas.<\/p>\n<p>Procedimento<\/p>\n<p> O dispositivo tem duas fitas port\u00e1teis (cassetes), que usam uma pequena amostra de soro do paciente. Uma das fitas reage com o anticorpo IgM, identificando infec\u00e7\u00f5es de at\u00e9 duas semanas. J\u00e1 o segundo cassete reage ao IgC e identifica se o paciente j\u00e1 teve a infec\u00e7\u00e3o h\u00e1 mais tempo. Isso permite que o teste r\u00e1pido detecte os anticorpos contra o v\u00edrus da Zika, no organismo do paciente, em qualquer fase da doen\u00e7a.<\/p>\n<p>\u201cA zika, antes era diagnosticada, em laborat\u00f3rio atrav\u00e9s do PRC [m\u00e9todo que detecta a presen\u00e7a de carga gen\u00e9tica do v\u00edrus], o que era demorado e muito custoso. A partir de agora, poderemos oferecer o diagn\u00f3stico em qualquer posto de sa\u00fade nos lugares mais distantes do pa\u00eds, e em apenas 20 minutos, a popula\u00e7\u00e3o ter\u00e1 a resposta se tem ou teve zika\u201d, explica o secret\u00e1rio.<\/p>\n<p>Parceria<\/p>\n<p>O teste foi desenvolvido em parceria da Sesab com uma empresa sul-coreana, que transferiu a tecnologia ao laborat\u00f3rio fabricante, a Funda\u00e7\u00e3o Baiana de Pesquisa Cient\u00edfica e Desenvolvimento Tecnol\u00f3gico, Fornecimento e Distribui\u00e7\u00e3o de Medicamentos (BahiaFarma), ligado \u00e0 Secretaria de Sa\u00fade do estado. Com a autoriza\u00e7\u00e3o concedida pela Anvisa, o laborat\u00f3rio aguarda o pedido do Minist\u00e9rio da Sa\u00fade para iniciar a fabrica\u00e7\u00e3o e distribui\u00e7\u00e3o a toda a popula\u00e7\u00e3o brasileira. A previs\u00e3o inicial pode ser de at\u00e9 500 mil testes por m\u00eas.<\/p>\n<p>\u201cO processo iniciou-se em agosto do ano passado, com a assinatura do protocolo, por\u00e9m o desenvolvimento do produto ocorreu entre setembro e janeiro, e n\u00f3s come\u00e7amos a fazer escalonamento de lotes-piloto, para registro do produto\u201d, conta o diretor-presidente do Laborat\u00f3rio p\u00fablico, BahiaFarma, Ronaldo Dias.<\/p>\n<p>A Ag\u00eancia Brasil procurou o Minist\u00e9rio da Sa\u00fade sobre a previs\u00e3o de pedido para a fabrica\u00e7\u00e3o dos produtos, mas n\u00e3o obteve resposta at\u00e9 o fechamento desta mat\u00e9ria.<\/p>\n<p>O v\u00edrus Zika foi descoberto, na Bahia, em julho de 2015, quando casos associados \u00e0 S\u00edndrome de Guillan-Barr\u00e9 foram confirmados. De acordo com a Sesab, nos cinco primeiros meses deste ano, 36.725 casos foram registrados na Bahia.<\/p>\n<p>Sayonara Moreno &#8211; Correspondente da Ag\u00eancia Brasil<br \/>\nEdi\u00e7\u00e3o: Talita Cavalcante<br \/>\n01\/06\/2016<\/p>\n","protected":false},"excerpt":{"rendered":"<p>A Secretaria de Sa\u00fade da Bahia obteve o registro da Ag\u00eancia Nacional de Vigil\u00e2ncia Sanit\u00e1ria (Anvisa) e apresentou em Salvador, o primeiro teste sorol\u00f3gico r\u00e1pido nacional para detec\u00e7\u00e3o do v\u00edrus Zika. Assim, o exame que costumava levar semanas ter\u00e1 resultado em at\u00e9 20 minutos. O Secret\u00e1rio de Sa\u00fade da Bahia, F\u00e1bio Vilas-Boas, destaca que o [&hellip;]<\/p>\n","protected":false},"author":2,"featured_media":40847,"comment_status":"open","ping_status":"closed","sticky":false,"template":"","format":"standard","meta":{"tdm_status":"","tdm_grid_status":"","footnotes":""},"categories":[22,5],"tags":[],"class_list":{"0":"post-87297","1":"post","2":"type-post","3":"status-publish","4":"format-standard","5":"has-post-thumbnail","7":"category-brasil","8":"category-saude-e-vida"},"_links":{"self":[{"href":"https:\/\/migracao.redenoticia.com.br\/noticia\/wp-json\/wp\/v2\/posts\/87297","targetHints":{"allow":["GET"]}}],"collection":[{"href":"https:\/\/migracao.redenoticia.com.br\/noticia\/wp-json\/wp\/v2\/posts"}],"about":[{"href":"https:\/\/migracao.redenoticia.com.br\/noticia\/wp-json\/wp\/v2\/types\/post"}],"author":[{"embeddable":true,"href":"https:\/\/migracao.redenoticia.com.br\/noticia\/wp-json\/wp\/v2\/users\/2"}],"replies":[{"embeddable":true,"href":"https:\/\/migracao.redenoticia.com.br\/noticia\/wp-json\/wp\/v2\/comments?post=87297"}],"version-history":[{"count":0,"href":"https:\/\/migracao.redenoticia.com.br\/noticia\/wp-json\/wp\/v2\/posts\/87297\/revisions"}],"wp:featuredmedia":[{"embeddable":true,"href":"https:\/\/migracao.redenoticia.com.br\/noticia\/wp-json\/wp\/v2\/media\/40847"}],"wp:attachment":[{"href":"https:\/\/migracao.redenoticia.com.br\/noticia\/wp-json\/wp\/v2\/media?parent=87297"}],"wp:term":[{"taxonomy":"category","embeddable":true,"href":"https:\/\/migracao.redenoticia.com.br\/noticia\/wp-json\/wp\/v2\/categories?post=87297"},{"taxonomy":"post_tag","embeddable":true,"href":"https:\/\/migracao.redenoticia.com.br\/noticia\/wp-json\/wp\/v2\/tags?post=87297"}],"curies":[{"name":"wp","href":"https:\/\/api.w.org\/{rel}","templated":true}]}}