{"id":87327,"date":"2016-06-01T18:30:20","date_gmt":"2016-06-01T21:30:20","guid":{"rendered":"http:\/\/www.redenoticia.com.br\/noticia\/?p=87327"},"modified":"2016-06-01T14:34:53","modified_gmt":"2016-06-01T17:34:53","slug":"novela-meu-coracao-e-teu-resumo-0206-johnny-conta-historia-de-terror","status":"publish","type":"post","link":"https:\/\/migracao.redenoticia.com.br\/noticia\/2016\/novela-meu-coracao-e-teu-resumo-0206-johnny-conta-historia-de-terror\/87327","title":{"rendered":"Novela \u201cMeu Cora\u00e7\u00e3o \u00e9 Teu\u201d resumo 02\/06: Johnny conta hist\u00f3ria de terror"},"content":{"rendered":"<p> <img loading=\"lazy\" decoding=\"async\" class=\"alignleft size-thumbnail wp-image-82119\" src=\"https:\/\/migracao.redenoticia.com.br\/noticia\/imagens\/meu_coracao_e_teu_novela_resumo_sbt-150x112.jpg\" alt=\"meu_coracao_e_teu_novela_resumo_sbt\" width=\"150\" height=\"112\" srcset=\"https:\/\/migracao.redenoticia.com.br\/noticia\/imagens\/meu_coracao_e_teu_novela_resumo_sbt-150x112.jpg 150w, https:\/\/migracao.redenoticia.com.br\/noticia\/imagens\/meu_coracao_e_teu_novela_resumo_sbt-265x198.jpg 265w\" sizes=\"auto, (max-width: 150px) 100vw, 150px\" \/><strong><em>Novela \u201cMeu Cora\u00e7\u00e3o \u00e9 Teu\u201d resumo 02\/06<\/em><\/strong>: Johnny e Edna decidem dedetizar a mans\u00e3o, mas acabam se excedendo. Ao ver que n\u00e3o h\u00e1 maneira de entrar na mans\u00e3o, Ana prop\u00f5e a todos que fa\u00e7am um acampamento no jardim. Johnny se desculpa com Fernando pelo ocorrido na mans\u00e3o, e ele responde que isso possibilitou uma grande aventura com sua fam\u00edlia, o acampamento. Fernando aproveita uma oportunidade de abra\u00e7ar Ana quando Johnny conta uma hist\u00f3ria de terror. Depois, Nando ensina Ana a mexer na p\u00e1gina da internet que criou para ajud\u00e1-la a encontrar sua m\u00e3e. Ela se comove ao saber que a ideia da p\u00e1gina na internet foi de Fernando.<\/p>\n<p>No cap\u00edtulo 069(*), novela \u201cMeu Cora\u00e7\u00e3o \u00e9 Teu\u201d, quinta-feira, 02 de junho \u2013 Margarida se zanga com Leon por ter feito uma cena rid\u00edcula de ci\u00fames por Fanny. Fanny reclama com Edith por ela haver dado seu n\u00famero de telefone a L\u00eanin. Johnny vai se desculpar com Fernando pelo ocorrido na mans\u00e3o, mas Fernando o responde que isso possibilitou uma grande aventura com sua fam\u00edlia, o acampamento. Fernando aproveita uma oportunidade de abra\u00e7ar Ana quando Johnny os conta uma hist\u00f3ria de terror. Edith conta a Fanny que abusaram dela mais de uma vez quando era menina. Nando ensina Ana a mexer na p\u00e1gina da internet que criou para ajud\u00e1-la a encontrar sua m\u00e3e. <\/p>\n<p>Ana se comove ao saber que a ideia da p\u00e1gina na internet foi de Fernando. Isabela diz a Yolanda que deseja ganhar de Beatriz para ser a nova presidente coorporativa da empresa e que deseja matar Sete. As crian\u00e7as dizem a Ana que ela pode dormir na barraca de Fernando. Edith beija Nando e se arrepende quando ele a lembra que ela tem namorado. Fernando diz a Fanny que a ajudar\u00e1 a procurar Claudia, a melhor amiga de Maria Estela. As crian\u00e7as e Ana dormem no jardim, em barracas de acampamento. Ana encontra Fernando dentro da mans\u00e3o quando vai tomar caf\u00e9. Fanny conta a Fernando que Leon esta zangado com ela devido ao ci\u00fame que tem de um garoto chamado L\u00eanin. Fernando fica preocupado com a not\u00edcia. <\/p>\n<p>Johnny recebe uma liga\u00e7\u00e3o de um amigo que se oferece para transform\u00e1-lo em boxeador profissional. Johnny aceita. Na escola, L\u00eanin diz a uns amigos que gosta muito de Fanny. Leon escuta a conversa. Leon adverte L\u00eanin para que ele se afaste de Fanny e eles acabam aos socos. Edith diz a Fanny que gosta de Nando. Fanny responde que Nando est\u00e1 apaixonado por Helena e ela ainda \u00e9 sua namorada, mesmo estando afastada. Fanny observa que h\u00e1 uma briga entre Leon e L\u00eanin, e parte para separ\u00e1-los.<\/p>\n<p>(*) edi\u00e7\u00e3o do SBT, Novela \u201cMeu Cora\u00e7\u00e3o \u00e9 Teu\u201d, sujeito a altera\u00e7\u00e3o de data e conte\u00fado.<\/p>\n","protected":false},"excerpt":{"rendered":"<p>Novela \u201cMeu Cora\u00e7\u00e3o \u00e9 Teu\u201d resumo 02\/06: Johnny e Edna decidem dedetizar a mans\u00e3o, mas acabam se excedendo. Ao ver que n\u00e3o h\u00e1 maneira de entrar na mans\u00e3o, Ana prop\u00f5e a todos que fa\u00e7am um acampamento no jardim. Johnny se desculpa com Fernando pelo ocorrido na mans\u00e3o, e ele responde que isso possibilitou uma grande [&hellip;]<\/p>\n","protected":false},"author":2,"featured_media":82119,"comment_status":"open","ping_status":"closed","sticky":false,"template":"","format":"standard","meta":{"tdm_status":"","tdm_grid_status":"","footnotes":""},"categories":[379,372,343],"tags":[441],"class_list":{"0":"post-87327","1":"post","2":"type-post","3":"status-publish","4":"format-standard","5":"has-post-thumbnail","7":"category-novelas","8":"category-sbt","9":"category-televisao","10":"tag-resumo-do-dia"},"_links":{"self":[{"href":"https:\/\/migracao.redenoticia.com.br\/noticia\/wp-json\/wp\/v2\/posts\/87327","targetHints":{"allow":["GET"]}}],"collection":[{"href":"https:\/\/migracao.redenoticia.com.br\/noticia\/wp-json\/wp\/v2\/posts"}],"about":[{"href":"https:\/\/migracao.redenoticia.com.br\/noticia\/wp-json\/wp\/v2\/types\/post"}],"author":[{"embeddable":true,"href":"https:\/\/migracao.redenoticia.com.br\/noticia\/wp-json\/wp\/v2\/users\/2"}],"replies":[{"embeddable":true,"href":"https:\/\/migracao.redenoticia.com.br\/noticia\/wp-json\/wp\/v2\/comments?post=87327"}],"version-history":[{"count":0,"href":"https:\/\/migracao.redenoticia.com.br\/noticia\/wp-json\/wp\/v2\/posts\/87327\/revisions"}],"wp:featuredmedia":[{"embeddable":true,"href":"https:\/\/migracao.redenoticia.com.br\/noticia\/wp-json\/wp\/v2\/media\/82119"}],"wp:attachment":[{"href":"https:\/\/migracao.redenoticia.com.br\/noticia\/wp-json\/wp\/v2\/media?parent=87327"}],"wp:term":[{"taxonomy":"category","embeddable":true,"href":"https:\/\/migracao.redenoticia.com.br\/noticia\/wp-json\/wp\/v2\/categories?post=87327"},{"taxonomy":"post_tag","embeddable":true,"href":"https:\/\/migracao.redenoticia.com.br\/noticia\/wp-json\/wp\/v2\/tags?post=87327"}],"curies":[{"name":"wp","href":"https:\/\/api.w.org\/{rel}","templated":true}]}}