{"id":87333,"date":"2016-06-01T19:44:27","date_gmt":"2016-06-01T22:44:27","guid":{"rendered":"http:\/\/www.redenoticia.com.br\/noticia\/?p=87333"},"modified":"2016-06-01T14:45:45","modified_gmt":"2016-06-01T17:45:45","slug":"novela-sila-resumo-0206-sivan-devolve-ayse-ao-marido","status":"publish","type":"post","link":"https:\/\/migracao.redenoticia.com.br\/noticia\/2016\/novela-sila-resumo-0206-sivan-devolve-ayse-ao-marido\/87333","title":{"rendered":"Novela \u201cSila\u201d resumo 02\/06: Sivan devolve Ayse ao marido"},"content":{"rendered":"<p> <img loading=\"lazy\" decoding=\"async\" class=\"alignleft size-thumbnail wp-image-83098\" src=\"https:\/\/migracao.redenoticia.com.br\/noticia\/imagens\/sila_band_novela_resumo_capitulo-150x112.jpg\" alt=\"sila_band_novela_resumo_capitulo\" width=\"150\" height=\"112\" srcset=\"https:\/\/migracao.redenoticia.com.br\/noticia\/imagens\/sila_band_novela_resumo_capitulo-150x112.jpg 150w, https:\/\/migracao.redenoticia.com.br\/noticia\/imagens\/sila_band_novela_resumo_capitulo-265x198.jpg 265w\" sizes=\"auto, (max-width: 150px) 100vw, 150px\" \/><strong><em> Novela \u201cSila\u201d resumo 02\/06<\/em><\/strong>: Ayse sofre com os ataques do marido e foge para Istambul. Ela liga para Sila e pede socorro. Sila a acolhe em sua casa, mas \u00e9 sequestrada e Ayse volta para Mardin e fica na casa de Bedar. Sivan busca a irm\u00e3 Ayse na casa de Bedar e a devolve ao marido. Ele volta a agredi-la.<\/p>\n<p>No capitulo 057(*), novela \u201cSila\u201d, quinta-feira, 02 de junho &#8211; Dihan visita a esposa e os filhos. Boran cuida de Sila no hospital. Boran discute com o pai, pois ele n\u00e3o quer permitir a entrada de Sila na casa da fam\u00edlia. Boran pede a Sila que lhe conte tudo o que Dihan fez contra ela e seu filho. Ap\u00f3s ouvir todo o relato de sua esposa, Boran toma uma decis\u00e3o e chama a todos da tribo para uma reuni\u00e3o oficial. Boran humilha Dihan em pra\u00e7a p\u00fablica. Kevser tenta expulsar Sila de casa, mas Boran a impede. Firuz permite que Sila fique&#8230;.Boran decide que Sila deve ficar em sua casa, apesar de Bedar pedir para ficar com ela.<\/p>\n<p>Dihan agride sua pr\u00f3pria esposa. A pol\u00edcia come\u00e7a a investigar o sequestro de Sila. Sivan busca a irm\u00e3 Ayse na casa de Bedar e a devolve ao marido. Ele volta a agredi-la. Narin encontra o pai e ele se nega a cumpriment\u00e1-la.<\/p>\n<p>Sila e Boran tomam banho juntos. Boran convoca uma reuni\u00e3o com os l\u00edderes e comunica a decis\u00e3o de expulsar Dihan do cl\u00e3. Boran ainda pensa que Sila est\u00e1 comprando terras em Mardin. Dihan fica furioso com a decis\u00e3o de Boran e promete vingan\u00e7a. Bedar insulta Sila e ela chora nos bra\u00e7os de Boran.<\/p>\n<p>(*) edi\u00e7\u00e3o da Band, Novela \u201cSila\u201d, sujeito a altera\u00e7\u00e3o de data e conte\u00fado.<\/p>\n","protected":false},"excerpt":{"rendered":"<p>Novela \u201cSila\u201d resumo 02\/06: Ayse sofre com os ataques do marido e foge para Istambul. Ela liga para Sila e pede socorro. Sila a acolhe em sua casa, mas \u00e9 sequestrada e Ayse volta para Mardin e fica na casa de Bedar. Sivan busca a irm\u00e3 Ayse na casa de Bedar e a devolve ao [&hellip;]<\/p>\n","protected":false},"author":2,"featured_media":83098,"comment_status":"open","ping_status":"closed","sticky":false,"template":"","format":"standard","meta":{"tdm_status":"","tdm_grid_status":"","footnotes":""},"categories":[390,379,343],"tags":[441],"class_list":{"0":"post-87333","1":"post","2":"type-post","3":"status-publish","4":"format-standard","5":"has-post-thumbnail","7":"category-band","8":"category-novelas","9":"category-televisao","10":"tag-resumo-do-dia"},"_links":{"self":[{"href":"https:\/\/migracao.redenoticia.com.br\/noticia\/wp-json\/wp\/v2\/posts\/87333","targetHints":{"allow":["GET"]}}],"collection":[{"href":"https:\/\/migracao.redenoticia.com.br\/noticia\/wp-json\/wp\/v2\/posts"}],"about":[{"href":"https:\/\/migracao.redenoticia.com.br\/noticia\/wp-json\/wp\/v2\/types\/post"}],"author":[{"embeddable":true,"href":"https:\/\/migracao.redenoticia.com.br\/noticia\/wp-json\/wp\/v2\/users\/2"}],"replies":[{"embeddable":true,"href":"https:\/\/migracao.redenoticia.com.br\/noticia\/wp-json\/wp\/v2\/comments?post=87333"}],"version-history":[{"count":0,"href":"https:\/\/migracao.redenoticia.com.br\/noticia\/wp-json\/wp\/v2\/posts\/87333\/revisions"}],"wp:featuredmedia":[{"embeddable":true,"href":"https:\/\/migracao.redenoticia.com.br\/noticia\/wp-json\/wp\/v2\/media\/83098"}],"wp:attachment":[{"href":"https:\/\/migracao.redenoticia.com.br\/noticia\/wp-json\/wp\/v2\/media?parent=87333"}],"wp:term":[{"taxonomy":"category","embeddable":true,"href":"https:\/\/migracao.redenoticia.com.br\/noticia\/wp-json\/wp\/v2\/categories?post=87333"},{"taxonomy":"post_tag","embeddable":true,"href":"https:\/\/migracao.redenoticia.com.br\/noticia\/wp-json\/wp\/v2\/tags?post=87333"}],"curies":[{"name":"wp","href":"https:\/\/api.w.org\/{rel}","templated":true}]}}