{"id":87375,"date":"2016-06-02T10:03:25","date_gmt":"2016-06-02T13:03:25","guid":{"rendered":"http:\/\/www.redenoticia.com.br\/noticia\/?p=87375"},"modified":"2016-06-01T17:04:46","modified_gmt":"2016-06-01T20:04:46","slug":"univesp-abre-inscricoes-para-vestibular-de-engenharias-a-distancia","status":"publish","type":"post","link":"https:\/\/migracao.redenoticia.com.br\/noticia\/2016\/univesp-abre-inscricoes-para-vestibular-de-engenharias-a-distancia\/87375","title":{"rendered":"Univesp abre inscri\u00e7\u00f5es para vestibular de Engenharias a dist\u00e2ncia"},"content":{"rendered":"<p> As inscri\u00e7\u00f5es para o <strong><em>vestibular 2016 da Univesp<\/em><\/strong> (Universidade Virtual do Estado de S\u00e3o Paulo) est\u00e3o abertas at\u00e9 o dia 13 de junho. No total, ser\u00e3o oferecidas 918 vagas \u2013 414 para Engenharia de Computa\u00e7\u00e3o e 504 para Engenharia de Produ\u00e7\u00e3o \u2013 em 17 polos distribu\u00eddos por 16 cidades do estado.\u00a0Todos os cursos s\u00e3o gratuitos.<\/p>\n<p> A taxa de inscri\u00e7\u00e3o \u00e9 de R$67,90. Os interessados podem conferir o edital do processo seletivo na . As inscri\u00e7\u00f5es devem ser realizadas pela internet no . As aulas come\u00e7am no segundo semestre.<\/p>\n<p>Inclus\u00e3o<br \/>\nSer\u00e3o oferecidas bonifica\u00e7\u00f5es na nota final para candidatos que se enquadrarem nos perfis descritos abaixo, na ordem de:<\/p>\n<p>I &#8211; Candidatos que se autodeclarem, no ato da inscri\u00e7\u00e3o, pretos, pardos ou \u00edndios (PPI) e que cursaram todo o Ensino M\u00e9dio ou equivalente em escola p\u00fablica no Brasil;<\/p>\n<p>II &#8211; Candidatos que n\u00e3o se autodeclararam PPI e que cursaram todo o Ensino M\u00e9dio ou equivalente em escola p\u00fablica no Brasil;<\/p>\n<p>III &#8211; Candidatos que se autodeclarem PPI.<\/p>\n<p>Sobre os cursos<br \/>\nA maioria das atividades s\u00e3o desenvolvidas a dist\u00e2ncia, por meio do ambiente virtual de aprendizagem, acess\u00edvel pela internet. Os encontros presenciais acontecem a cada 15 dias nos polos, para o desenvolvimento de projetos, pr\u00e1ticas laboratoriais e avalia\u00e7\u00f5es.<\/p>\n<p>Os cursos de Engenharia t\u00eam dura\u00e7\u00e3o de 5 anos e ser\u00e3o oferecidos em: Ara\u00e7atuba, Araras, Barueri, Cap\u00e3o Bonito, Cruzeiro, Diadema, Itapetininga, Itu, Jales, Ja\u00fa, Jundia\u00ed, Pindamonhangaba, Santo Andr\u00e9, Santos, S\u00e3o Jos\u00e9 dos Campos e S\u00e3o Paulo.<\/p>\n<p>Sobre a Univesp<br \/>\nA quarta universidade p\u00fablica de S\u00e3o Paulo j\u00e1 \u00e9 um marco na expans\u00e3o da oferta de ensino universit\u00e1rio p\u00fablico e gratuito de qualidade, atendendo estudantes em todas as regi\u00f5es do estado. O objetivo da Univesp \u00e9 ampliar o acesso ao ensino superior, fazendo uso intensivo das tecnologias e de modernas metodologias de ensino e aprendizagem.<\/p>\n<p>Para mais informa\u00e7\u00f5es, acesse:<br \/>\n.<\/p>\n<p>Do Portal do Governo do Estado SP<\/p>\n","protected":false},"excerpt":{"rendered":"<p>As inscri\u00e7\u00f5es para o vestibular 2016 da Univesp (Universidade Virtual do Estado de S\u00e3o Paulo) est\u00e3o abertas at\u00e9 o dia 13 de junho. No total, ser\u00e3o oferecidas 918 vagas \u2013 414 para Engenharia de Computa\u00e7\u00e3o e 504 para Engenharia de Produ\u00e7\u00e3o \u2013 em 17 polos distribu\u00eddos por 16 cidades do estado.\u00a0Todos os cursos s\u00e3o gratuitos. [&hellip;]<\/p>\n","protected":false},"author":2,"featured_media":37419,"comment_status":"open","ping_status":"closed","sticky":false,"template":"","format":"standard","meta":{"tdm_status":"","tdm_grid_status":"","footnotes":""},"categories":[22,370,295],"tags":[],"class_list":{"0":"post-87375","1":"post","2":"type-post","3":"status-publish","4":"format-standard","5":"has-post-thumbnail","7":"category-brasil","8":"category-inscricao","9":"category-vestibular"},"_links":{"self":[{"href":"https:\/\/migracao.redenoticia.com.br\/noticia\/wp-json\/wp\/v2\/posts\/87375","targetHints":{"allow":["GET"]}}],"collection":[{"href":"https:\/\/migracao.redenoticia.com.br\/noticia\/wp-json\/wp\/v2\/posts"}],"about":[{"href":"https:\/\/migracao.redenoticia.com.br\/noticia\/wp-json\/wp\/v2\/types\/post"}],"author":[{"embeddable":true,"href":"https:\/\/migracao.redenoticia.com.br\/noticia\/wp-json\/wp\/v2\/users\/2"}],"replies":[{"embeddable":true,"href":"https:\/\/migracao.redenoticia.com.br\/noticia\/wp-json\/wp\/v2\/comments?post=87375"}],"version-history":[{"count":0,"href":"https:\/\/migracao.redenoticia.com.br\/noticia\/wp-json\/wp\/v2\/posts\/87375\/revisions"}],"wp:featuredmedia":[{"embeddable":true,"href":"https:\/\/migracao.redenoticia.com.br\/noticia\/wp-json\/wp\/v2\/media\/37419"}],"wp:attachment":[{"href":"https:\/\/migracao.redenoticia.com.br\/noticia\/wp-json\/wp\/v2\/media?parent=87375"}],"wp:term":[{"taxonomy":"category","embeddable":true,"href":"https:\/\/migracao.redenoticia.com.br\/noticia\/wp-json\/wp\/v2\/categories?post=87375"},{"taxonomy":"post_tag","embeddable":true,"href":"https:\/\/migracao.redenoticia.com.br\/noticia\/wp-json\/wp\/v2\/tags?post=87375"}],"curies":[{"name":"wp","href":"https:\/\/api.w.org\/{rel}","templated":true}]}}