{"id":87380,"date":"2016-06-02T10:06:34","date_gmt":"2016-06-02T13:06:34","guid":{"rendered":"http:\/\/www.redenoticia.com.br\/noticia\/?p=87380"},"modified":"2016-06-01T17:07:32","modified_gmt":"2016-06-01T20:07:32","slug":"vestibular-da-unb-ocorre-neste-sabado-e-domingo","status":"publish","type":"post","link":"https:\/\/migracao.redenoticia.com.br\/noticia\/2016\/vestibular-da-unb-ocorre-neste-sabado-e-domingo\/87380","title":{"rendered":"Vestibular da UnB ocorre neste s\u00e1bado e domingo"},"content":{"rendered":"<p> Neste fim de semana, o Cebraspe aplicar\u00e1 as provas do <strong><em>Vestibular de 2016 da Universidade de Bras\u00edlia<\/em><\/strong> (UnB) para 21.548 inscritos nesta edi\u00e7\u00e3o. A sele\u00e7\u00e3o oferece 4.212 vagas em 98 cursos de gradua\u00e7\u00e3o presenciais para ingresso no segundo semestre do ano.<\/p>\n<p>As chances est\u00e3o distribu\u00eddas nos quatro campi da Universidade: Darcy Ribeiro (Plano Piloto), Ceil\u00e2ndia, Gama e Planaltina. As oportunidades de ingresso tamb\u00e9m est\u00e3o distribu\u00eddas entre tr\u00eas sistemas: Universal, de Cotas para Negros e de Cotas para Escolas P\u00fablicas.<\/p>\n<p>As provas ocorrem no s\u00e1bado (4) e no domingo (5), come\u00e7am \u00e0s 13h em ambos os dias e t\u00eam a dura\u00e7\u00e3o de cinco horas. Candidatos em diversas cidades poder\u00e3o concorrer \u00e0s vagas por meio do Vestibular: Bras\u00edlia (DF), Brazl\u00e2ndia (DF), Ceil\u00e2ndia (DF), Gama (DF), Planaltina (DF), Sobradinho (DF), Taguatinga (DF), Formosa (GO), Goi\u00e2nia (GO), Valpara\u00edso (GO) e Uberl\u00e2ndia (MG) ter\u00e3o locais de prova.<\/p>\n<p>Os candidatos j\u00e1 podem conferir seu local e hor\u00e1rio de realiza\u00e7\u00e3o das provas, por meio de consulta individual. Para acessar a informa\u00e7\u00e3o, basta inserir o CPF do inscrito no link dispon\u00edvel em. Al\u00e9m disso, tamb\u00e9m foi disponibilizado na p\u00e1gina da sele\u00e7\u00e3o o edital de resultado final da an\u00e1lise da documenta\u00e7\u00e3o para o Sistema de Cotas para Escolas P\u00fablicas.<\/p>\n<p>CONTATO<br \/>\nOutras informa\u00e7\u00f5es no site  ou na Central de Atendimento ao Candidato do Cespe, de segunda a sexta, das 7h30 \u00e0s 20h30 \u2013 Campus Darcy Ribeiro, Sede do Cespe \u2013 pelo telefone (61) 3448 0100.<\/p>\n<p>02\/06\/2016<\/p>\n","protected":false},"excerpt":{"rendered":"<p>Neste fim de semana, o Cebraspe aplicar\u00e1 as provas do Vestibular de 2016 da Universidade de Bras\u00edlia (UnB) para 21.548 inscritos nesta edi\u00e7\u00e3o. A sele\u00e7\u00e3o oferece 4.212 vagas em 98 cursos de gradua\u00e7\u00e3o presenciais para ingresso no segundo semestre do ano. As chances est\u00e3o distribu\u00eddas nos quatro campi da Universidade: Darcy Ribeiro (Plano Piloto), Ceil\u00e2ndia, [&hellip;]<\/p>\n","protected":false},"author":2,"featured_media":36244,"comment_status":"open","ping_status":"closed","sticky":false,"template":"","format":"standard","meta":{"tdm_status":"","tdm_grid_status":"","footnotes":""},"categories":[22,370,295],"tags":[],"class_list":{"0":"post-87380","1":"post","2":"type-post","3":"status-publish","4":"format-standard","5":"has-post-thumbnail","7":"category-brasil","8":"category-inscricao","9":"category-vestibular"},"_links":{"self":[{"href":"https:\/\/migracao.redenoticia.com.br\/noticia\/wp-json\/wp\/v2\/posts\/87380","targetHints":{"allow":["GET"]}}],"collection":[{"href":"https:\/\/migracao.redenoticia.com.br\/noticia\/wp-json\/wp\/v2\/posts"}],"about":[{"href":"https:\/\/migracao.redenoticia.com.br\/noticia\/wp-json\/wp\/v2\/types\/post"}],"author":[{"embeddable":true,"href":"https:\/\/migracao.redenoticia.com.br\/noticia\/wp-json\/wp\/v2\/users\/2"}],"replies":[{"embeddable":true,"href":"https:\/\/migracao.redenoticia.com.br\/noticia\/wp-json\/wp\/v2\/comments?post=87380"}],"version-history":[{"count":0,"href":"https:\/\/migracao.redenoticia.com.br\/noticia\/wp-json\/wp\/v2\/posts\/87380\/revisions"}],"wp:featuredmedia":[{"embeddable":true,"href":"https:\/\/migracao.redenoticia.com.br\/noticia\/wp-json\/wp\/v2\/media\/36244"}],"wp:attachment":[{"href":"https:\/\/migracao.redenoticia.com.br\/noticia\/wp-json\/wp\/v2\/media?parent=87380"}],"wp:term":[{"taxonomy":"category","embeddable":true,"href":"https:\/\/migracao.redenoticia.com.br\/noticia\/wp-json\/wp\/v2\/categories?post=87380"},{"taxonomy":"post_tag","embeddable":true,"href":"https:\/\/migracao.redenoticia.com.br\/noticia\/wp-json\/wp\/v2\/tags?post=87380"}],"curies":[{"name":"wp","href":"https:\/\/api.w.org\/{rel}","templated":true}]}}