{"id":87421,"date":"2016-06-02T20:21:25","date_gmt":"2016-06-02T23:21:25","guid":{"rendered":"http:\/\/www.redenoticia.com.br\/noticia\/?p=87421"},"modified":"2016-06-02T13:22:30","modified_gmt":"2016-06-02T16:22:30","slug":"novela-sila-resumo-0306-boran-descobre-que-ayse-foi-acorrentada","status":"publish","type":"post","link":"https:\/\/migracao.redenoticia.com.br\/noticia\/2016\/novela-sila-resumo-0306-boran-descobre-que-ayse-foi-acorrentada\/87421","title":{"rendered":"Novela \u201cSila\u201d resumo 03\/06: Boran descobre que Ayse foi acorrentada"},"content":{"rendered":"<p> <img loading=\"lazy\" decoding=\"async\" class=\"alignleft size-thumbnail wp-image-83098\" src=\"https:\/\/migracao.redenoticia.com.br\/noticia\/imagens\/sila_band_novela_resumo_capitulo-150x112.jpg\" alt=\"sila_band_novela_resumo_capitulo\" width=\"150\" height=\"112\" srcset=\"https:\/\/migracao.redenoticia.com.br\/noticia\/imagens\/sila_band_novela_resumo_capitulo-150x112.jpg 150w, https:\/\/migracao.redenoticia.com.br\/noticia\/imagens\/sila_band_novela_resumo_capitulo-265x198.jpg 265w\" sizes=\"auto, (max-width: 150px) 100vw, 150px\" \/><strong><em> Novela \u201cSila\u201d resumo 03\/06<\/em><\/strong>: Ayse sofre com os ataques do marido e foge para Istambul. Ela liga para Sila e pede socorro. Sila a acolhe em sua casa, mas \u00e9 sequestrada e Ayse volta para Mardin e fica na casa de Bedar. Sivan busca a irm\u00e3 Ayse na casa de Bedar e a devolve ao marido. Ele volta a agredi-la. Boran vai na casa onde Ayse vive e descobre que ela foi acorrentada pelo marido.<\/p>\n<p>No capitulo 058(*), novela \u201cSila\u201d, sexta-feira, 03 de junho &#8211; Dihan agride sua pr\u00f3pria esposa. A pol\u00edcia come\u00e7a a investigar o sequestro de Sila. Sivan busca a irm\u00e3 Ayse na casa de Bedar e a devolve ao marido. Ele volta a agredi-la. Narin encontra o pai e ele se nega a cumpriment\u00e1-la.<\/p>\n<p>Sila e Boran tomam banho juntos. Boran convoca uma reuni\u00e3o com os l\u00edderes e comunica a decis\u00e3o de expulsar Dihan do cl\u00e3. Boran ainda pensa que Sila est\u00e1 comprando terras em Mardin. Dihan fica furioso com a decis\u00e3o de Boran e promete vingan\u00e7a. Bedar insulta Sila e ela chora nos bra\u00e7os de Boran.<\/p>\n<p>Boran vai a casa onde Ayse vive com o marido e descobre que ela foi acorrentada por ele. Narin se encontra com a m\u00e3e em segredo, mas o pai descobre e sofre um ataque card\u00edaco. Sila v\u00ea Ayse toda machucada e promete proteg\u00ea-la. Boran salva mais uma jovem que seria morta em nome da tradi\u00e7\u00e3o.<\/p>\n<p>(*) edi\u00e7\u00e3o da Band, Novela \u201cSila\u201d, sujeito a altera\u00e7\u00e3o de data e conte\u00fado.<\/p>\n","protected":false},"excerpt":{"rendered":"<p>Novela \u201cSila\u201d resumo 03\/06: Ayse sofre com os ataques do marido e foge para Istambul. Ela liga para Sila e pede socorro. Sila a acolhe em sua casa, mas \u00e9 sequestrada e Ayse volta para Mardin e fica na casa de Bedar. Sivan busca a irm\u00e3 Ayse na casa de Bedar e a devolve ao [&hellip;]<\/p>\n","protected":false},"author":2,"featured_media":83098,"comment_status":"open","ping_status":"closed","sticky":false,"template":"","format":"standard","meta":{"tdm_status":"","tdm_grid_status":"","footnotes":""},"categories":[390,379,343],"tags":[441],"class_list":{"0":"post-87421","1":"post","2":"type-post","3":"status-publish","4":"format-standard","5":"has-post-thumbnail","7":"category-band","8":"category-novelas","9":"category-televisao","10":"tag-resumo-do-dia"},"_links":{"self":[{"href":"https:\/\/migracao.redenoticia.com.br\/noticia\/wp-json\/wp\/v2\/posts\/87421","targetHints":{"allow":["GET"]}}],"collection":[{"href":"https:\/\/migracao.redenoticia.com.br\/noticia\/wp-json\/wp\/v2\/posts"}],"about":[{"href":"https:\/\/migracao.redenoticia.com.br\/noticia\/wp-json\/wp\/v2\/types\/post"}],"author":[{"embeddable":true,"href":"https:\/\/migracao.redenoticia.com.br\/noticia\/wp-json\/wp\/v2\/users\/2"}],"replies":[{"embeddable":true,"href":"https:\/\/migracao.redenoticia.com.br\/noticia\/wp-json\/wp\/v2\/comments?post=87421"}],"version-history":[{"count":0,"href":"https:\/\/migracao.redenoticia.com.br\/noticia\/wp-json\/wp\/v2\/posts\/87421\/revisions"}],"wp:featuredmedia":[{"embeddable":true,"href":"https:\/\/migracao.redenoticia.com.br\/noticia\/wp-json\/wp\/v2\/media\/83098"}],"wp:attachment":[{"href":"https:\/\/migracao.redenoticia.com.br\/noticia\/wp-json\/wp\/v2\/media?parent=87421"}],"wp:term":[{"taxonomy":"category","embeddable":true,"href":"https:\/\/migracao.redenoticia.com.br\/noticia\/wp-json\/wp\/v2\/categories?post=87421"},{"taxonomy":"post_tag","embeddable":true,"href":"https:\/\/migracao.redenoticia.com.br\/noticia\/wp-json\/wp\/v2\/tags?post=87421"}],"curies":[{"name":"wp","href":"https:\/\/api.w.org\/{rel}","templated":true}]}}