{"id":87467,"date":"2016-06-03T10:33:02","date_gmt":"2016-06-03T13:33:02","guid":{"rendered":"http:\/\/www.redenoticia.com.br\/noticia\/?p=87467"},"modified":"2016-06-02T18:34:22","modified_gmt":"2016-06-02T21:34:22","slug":"alerta-6-em-cada-10-jovens-nao-usam-metodos-de-contracepcao","status":"publish","type":"post","link":"https:\/\/migracao.redenoticia.com.br\/noticia\/2016\/alerta-6-em-cada-10-jovens-nao-usam-metodos-de-contracepcao\/87467","title":{"rendered":"Alerta: 6 em cada 10 jovens n\u00e3o usam m\u00e9todos de contracep\u00e7\u00e3o"},"content":{"rendered":"<p> A pesquisa envolveu 454 m\u00e3es adolescentes, seus beb\u00eas e os respectivos pais. Todas elas fizeram pr\u00e9-natal e participavam de grupos e oficinas coordenadas por equipe multiprofissional da Casa do <strong><em>Adolescente<\/em><\/strong>. A idade m\u00e9dia das participantes \u00e9 de 17,5 anos, com in\u00edcio da vida sexual aos 15 anos. J\u00e1 os parceiros tinham 22,4 anos, em m\u00e9dia, por\u00e9m, 1\/3 deles ainda eram adolescentes. <\/p>\n<p>Por se tratar de uma fase de forma\u00e7\u00e3o emocional e intelectual da juventude paulista, a pesquisa tamb\u00e9m mostra que \u00e9 necess\u00e1rio o incentivo para que os jovens adotem m\u00e9todos contraceptivos n\u00e3o apenas para evitar uma eventual gravidez indesejada, mas tamb\u00e9m para coibir as ocorr\u00eancias de Doen\u00e7as Sexualmente Transmiss\u00edveis (DSTs).<\/p>\n<p>Em rela\u00e7\u00e3o ao n\u00famero de filhos, 85% tiveram apenas um beb\u00ea, o que equivale a 388 adolescentes. Outras 57 foram m\u00e3es de duas crian\u00e7as (12,5%); sete tiveram tr\u00eas filhos (1,5%) e duas tiveram quatro filhos (0,4%). Apesar de j\u00e1 serem m\u00e3es, 14% delas relataram desejo de engravidar.<\/p>\n<p>O intervalo m\u00e9dio entre os partos foi de dois anos e 3\/5 das adolescentes conceberam seus beb\u00eas por parto normal. O tamanho m\u00e9dio dos rec\u00e9m-nascidos foi de 3,1 kg e 48,3 cent\u00edmetros. Apenas 4% nasceram prematuros e 8,1% abaixo do peso.<\/p>\n<p>Quanto aos relacionamentos, 66,2% dos casais adolescentes viviam consensualmente e 10,5% das m\u00e3es estavam casadas. J\u00e1 as solteiras representam 20,8% do total e 1,7% eram vi\u00favas. Oito em cada dez m\u00e3es jovens recebiam ajuda da fam\u00edlia materna e apenas 1\/3 dos casais se sustentavam.<\/p>\n<p>Metade das m\u00e3es e de seus parceiros tinha oito anos de estudo ou mais, e cerca de 2% cursaram n\u00edvel universit\u00e1rio. O analfabetismo foi encontrado em apenas 0,9% entre os pais dos beb\u00eas.<\/p>\n<p>Do Portal do Governo do Estado SP<\/p>\n","protected":false},"excerpt":{"rendered":"<p>A pesquisa envolveu 454 m\u00e3es adolescentes, seus beb\u00eas e os respectivos pais. Todas elas fizeram pr\u00e9-natal e participavam de grupos e oficinas coordenadas por equipe multiprofissional da Casa do Adolescente. A idade m\u00e9dia das participantes \u00e9 de 17,5 anos, com in\u00edcio da vida sexual aos 15 anos. J\u00e1 os parceiros tinham 22,4 anos, em m\u00e9dia, [&hellip;]<\/p>\n","protected":false},"author":2,"featured_media":37376,"comment_status":"open","ping_status":"closed","sticky":false,"template":"","format":"standard","meta":{"tdm_status":"","tdm_grid_status":"","footnotes":""},"categories":[22,5],"tags":[],"class_list":{"0":"post-87467","1":"post","2":"type-post","3":"status-publish","4":"format-standard","5":"has-post-thumbnail","7":"category-brasil","8":"category-saude-e-vida"},"_links":{"self":[{"href":"https:\/\/migracao.redenoticia.com.br\/noticia\/wp-json\/wp\/v2\/posts\/87467","targetHints":{"allow":["GET"]}}],"collection":[{"href":"https:\/\/migracao.redenoticia.com.br\/noticia\/wp-json\/wp\/v2\/posts"}],"about":[{"href":"https:\/\/migracao.redenoticia.com.br\/noticia\/wp-json\/wp\/v2\/types\/post"}],"author":[{"embeddable":true,"href":"https:\/\/migracao.redenoticia.com.br\/noticia\/wp-json\/wp\/v2\/users\/2"}],"replies":[{"embeddable":true,"href":"https:\/\/migracao.redenoticia.com.br\/noticia\/wp-json\/wp\/v2\/comments?post=87467"}],"version-history":[{"count":0,"href":"https:\/\/migracao.redenoticia.com.br\/noticia\/wp-json\/wp\/v2\/posts\/87467\/revisions"}],"wp:featuredmedia":[{"embeddable":true,"href":"https:\/\/migracao.redenoticia.com.br\/noticia\/wp-json\/wp\/v2\/media\/37376"}],"wp:attachment":[{"href":"https:\/\/migracao.redenoticia.com.br\/noticia\/wp-json\/wp\/v2\/media?parent=87467"}],"wp:term":[{"taxonomy":"category","embeddable":true,"href":"https:\/\/migracao.redenoticia.com.br\/noticia\/wp-json\/wp\/v2\/categories?post=87467"},{"taxonomy":"post_tag","embeddable":true,"href":"https:\/\/migracao.redenoticia.com.br\/noticia\/wp-json\/wp\/v2\/tags?post=87467"}],"curies":[{"name":"wp","href":"https:\/\/api.w.org\/{rel}","templated":true}]}}