{"id":877,"date":"2009-04-26T19:30:57","date_gmt":"2009-04-26T23:30:57","guid":{"rendered":"http:\/\/www.redenoticia.com.br\/noticia\/?p=877"},"modified":"2009-04-26T19:30:57","modified_gmt":"2009-04-26T23:30:57","slug":"lula-nao-comenta-acusacao-do-pps-sobre-poupanca-e-o-collor","status":"publish","type":"post","link":"https:\/\/migracao.redenoticia.com.br\/noticia\/2009\/lula-nao-comenta-acusacao-do-pps-sobre-poupanca-e-o-collor\/877","title":{"rendered":"Lula n\u00e3o comenta acusa\u00e7\u00e3o do PPS sobre poupan\u00e7a e o Collor"},"content":{"rendered":"<p class=\"MsoNormal\" style=\"margin-bottom: 12pt;\"><span style=\"text-decoration: underline;\"><span style=\"font-family: Arial;\"><\/span><\/span><span style=\"font-family: Arial;\">O presidente Luiz In\u00e1cio Lula da Silva evitou hoje (24) comentar propaganda do PPS, na qual o partido disse que o governo ir\u00e1 mudar a caderneta de poupan\u00e7a, a exemplo do que ocorreu no governo do ex-presidente Fernando Collor de Mello, quando houve confisco da poupan\u00e7a.<\/p>\n<p>\u201cN\u00e3o merece coment\u00e1rio. Desculpe, mas n\u00e3o merece coment\u00e1rio. O que \u00e9 grave \u00e9 que um partido faz uma propaganda e pode passar por mentiroso. Isso que \u00e9 grave\u201d, disse o presidente aos jornalistas. O presidente j\u00e1 disse publicamente que estuda alterar o c\u00e1lculo de rendimento da poupan\u00e7a para evitar a migra\u00e7\u00e3o de grandes investidores devido a queda na taxa de juros.<\/span><\/p>\n<p class=\"MsoNormal\" style=\"margin-bottom: 12pt;\"><span style=\"font-family: Arial;\">Carolina Pimentel<br \/>\n<em>Rep\u00f3rter da Ag\u00eancia Brasil<\/em> <\/span><\/p>\n","protected":false},"excerpt":{"rendered":"<p>O presidente Luiz In\u00e1cio Lula da Silva evitou hoje (24) comentar propaganda do PPS, na qual o partido disse que o governo ir\u00e1 mudar a caderneta de poupan\u00e7a, a exemplo do que ocorreu no governo do ex-presidente Fernando Collor de Mello, quando houve confisco da poupan\u00e7a. \u201cN\u00e3o merece coment\u00e1rio. Desculpe, mas n\u00e3o merece coment\u00e1rio. O [&hellip;]<\/p>\n","protected":false},"author":3,"featured_media":0,"comment_status":"open","ping_status":"open","sticky":false,"template":"","format":"standard","meta":{"tdm_status":"","tdm_grid_status":"","footnotes":""},"categories":[22,7],"tags":[],"class_list":{"0":"post-877","1":"post","2":"type-post","3":"status-publish","4":"format-standard","6":"category-brasil","7":"category-economia"},"_links":{"self":[{"href":"https:\/\/migracao.redenoticia.com.br\/noticia\/wp-json\/wp\/v2\/posts\/877","targetHints":{"allow":["GET"]}}],"collection":[{"href":"https:\/\/migracao.redenoticia.com.br\/noticia\/wp-json\/wp\/v2\/posts"}],"about":[{"href":"https:\/\/migracao.redenoticia.com.br\/noticia\/wp-json\/wp\/v2\/types\/post"}],"author":[{"embeddable":true,"href":"https:\/\/migracao.redenoticia.com.br\/noticia\/wp-json\/wp\/v2\/users\/3"}],"replies":[{"embeddable":true,"href":"https:\/\/migracao.redenoticia.com.br\/noticia\/wp-json\/wp\/v2\/comments?post=877"}],"version-history":[{"count":0,"href":"https:\/\/migracao.redenoticia.com.br\/noticia\/wp-json\/wp\/v2\/posts\/877\/revisions"}],"wp:attachment":[{"href":"https:\/\/migracao.redenoticia.com.br\/noticia\/wp-json\/wp\/v2\/media?parent=877"}],"wp:term":[{"taxonomy":"category","embeddable":true,"href":"https:\/\/migracao.redenoticia.com.br\/noticia\/wp-json\/wp\/v2\/categories?post=877"},{"taxonomy":"post_tag","embeddable":true,"href":"https:\/\/migracao.redenoticia.com.br\/noticia\/wp-json\/wp\/v2\/tags?post=877"}],"curies":[{"name":"wp","href":"https:\/\/api.w.org\/{rel}","templated":true}]}}