{"id":87776,"date":"2016-06-08T19:51:47","date_gmt":"2016-06-08T22:51:47","guid":{"rendered":"http:\/\/www.redenoticia.com.br\/noticia\/?p=87776"},"modified":"2016-06-08T14:53:51","modified_gmt":"2016-06-08T17:53:51","slug":"novela-sila-resumo-0906-dihan-incendeia-a-nova-empresa-de-sila","status":"publish","type":"post","link":"https:\/\/migracao.redenoticia.com.br\/noticia\/2016\/novela-sila-resumo-0906-dihan-incendeia-a-nova-empresa-de-sila\/87776","title":{"rendered":"Novela \u201cSila\u201d resumo 09\/06: Dihan incendeia a nova empresa de Sila"},"content":{"rendered":"<p> <img loading=\"lazy\" decoding=\"async\" class=\"alignleft size-thumbnail wp-image-83098\" src=\"https:\/\/migracao.redenoticia.com.br\/noticia\/imagens\/sila_band_novela_resumo_capitulo-150x112.jpg\" alt=\"sila_band_novela_resumo_capitulo\" width=\"150\" height=\"112\" srcset=\"https:\/\/migracao.redenoticia.com.br\/noticia\/imagens\/sila_band_novela_resumo_capitulo-150x112.jpg 150w, https:\/\/migracao.redenoticia.com.br\/noticia\/imagens\/sila_band_novela_resumo_capitulo-265x198.jpg 265w\" sizes=\"auto, (max-width: 150px) 100vw, 150px\" \/><strong><em> Novela \u201cSila\u201d resumo 09\/06<\/em><\/strong>: Boran fica furioso com as atitudes de Dihan e o humilha. Dihan resolve se vingar e planeja matar Sila e sua fam\u00edlia. Para come\u00e7ar, Dihan tenta matar Celil no meio da rua, mas Boran o impede. Dihan n\u00e3o desiste e envia seus homens para avisar Azad que vai acabar com ele. Dihan incendeia a nova empresa de Sila. Ela sobrevive, mas tem que ser hospitalizada.<\/p>\n<p>No capitulo 063(*), novela \u201cSila\u201d, quinta-feira, 09 de junho &#8211; Kevser p\u00f5e a culpa em Sila pelo que aconteceu a Firuz e promete mat\u00e1-la ap\u00f3s o nascimento do beb\u00ea. Esma diz a Dihan que est\u00e1 gr\u00e1vida, mas ele duvida que \u00e9 o pai. A pol\u00edcia leva Dihan \u00e0 delegacia por envolvimento num assassinato. Firuz diz \u00e0 esposa que Sila salvou a vida dele. .. Dihan n\u00e3o desiste e j\u00e1 tem novos planos para acabar com Sila. Ela e seu irm\u00e3o Azad formam uma nova empresa, mas Dihan envia seus homens para avis\u00e1-lo que, se Azad n\u00e3o terminar com este projeto, vai acabar com ele. Al\u00e9m disso, Dihan incendeia a nova empresa de Sila.<\/p>\n<p>Sila sobrevive a um inc\u00eandio criminoso na f\u00e1brica em Mardin, mas tem que ser hospitalizada. A pol\u00edcia investiga as causas do inc\u00eandio. Firuz obriga Boran a fazer com que Sila desista de reabrir a f\u00e1brica. Sila oferece ajuda aos trabalhadores. <\/p>\n<p>Sila n\u00e3o desiste e reabre a f\u00e1brica. Dihan vai \u00e0 f\u00e1brica e amea\u00e7a os trabalhadores. Sila v\u00ea Esma andando pelas ruas de Mardin. Dihan abandona a esposa. Azad flagra Dihan e Esma em um restaurante&#8230; Dihan amea\u00e7a novamente Azad e Celil. Dihan d\u00e1 um golpe em Azad e o joga em um penhasco. Boran \u00e9 notificado com a triste not\u00edcia e fica sem palavras. Narin est\u00e1 desesperada. De repente, ela o v\u00ea entrar pela porta, mas sua imagem desaparece.<\/p>\n<p>(*) edi\u00e7\u00e3o da Band, Novela \u201cSila\u201d, sujeito a altera\u00e7\u00e3o de data e conte\u00fado.  <\/p>\n","protected":false},"excerpt":{"rendered":"<p>Novela \u201cSila\u201d resumo 09\/06: Boran fica furioso com as atitudes de Dihan e o humilha. Dihan resolve se vingar e planeja matar Sila e sua fam\u00edlia. Para come\u00e7ar, Dihan tenta matar Celil no meio da rua, mas Boran o impede. Dihan n\u00e3o desiste e envia seus homens para avisar Azad que vai acabar com ele. [&hellip;]<\/p>\n","protected":false},"author":2,"featured_media":83098,"comment_status":"open","ping_status":"closed","sticky":false,"template":"","format":"standard","meta":{"tdm_status":"","tdm_grid_status":"","footnotes":""},"categories":[390,379,343],"tags":[441],"class_list":{"0":"post-87776","1":"post","2":"type-post","3":"status-publish","4":"format-standard","5":"has-post-thumbnail","7":"category-band","8":"category-novelas","9":"category-televisao","10":"tag-resumo-do-dia"},"_links":{"self":[{"href":"https:\/\/migracao.redenoticia.com.br\/noticia\/wp-json\/wp\/v2\/posts\/87776","targetHints":{"allow":["GET"]}}],"collection":[{"href":"https:\/\/migracao.redenoticia.com.br\/noticia\/wp-json\/wp\/v2\/posts"}],"about":[{"href":"https:\/\/migracao.redenoticia.com.br\/noticia\/wp-json\/wp\/v2\/types\/post"}],"author":[{"embeddable":true,"href":"https:\/\/migracao.redenoticia.com.br\/noticia\/wp-json\/wp\/v2\/users\/2"}],"replies":[{"embeddable":true,"href":"https:\/\/migracao.redenoticia.com.br\/noticia\/wp-json\/wp\/v2\/comments?post=87776"}],"version-history":[{"count":0,"href":"https:\/\/migracao.redenoticia.com.br\/noticia\/wp-json\/wp\/v2\/posts\/87776\/revisions"}],"wp:featuredmedia":[{"embeddable":true,"href":"https:\/\/migracao.redenoticia.com.br\/noticia\/wp-json\/wp\/v2\/media\/83098"}],"wp:attachment":[{"href":"https:\/\/migracao.redenoticia.com.br\/noticia\/wp-json\/wp\/v2\/media?parent=87776"}],"wp:term":[{"taxonomy":"category","embeddable":true,"href":"https:\/\/migracao.redenoticia.com.br\/noticia\/wp-json\/wp\/v2\/categories?post=87776"},{"taxonomy":"post_tag","embeddable":true,"href":"https:\/\/migracao.redenoticia.com.br\/noticia\/wp-json\/wp\/v2\/tags?post=87776"}],"curies":[{"name":"wp","href":"https:\/\/api.w.org\/{rel}","templated":true}]}}