{"id":87824,"date":"2016-06-09T10:15:15","date_gmt":"2016-06-09T13:15:15","guid":{"rendered":"http:\/\/www.redenoticia.com.br\/noticia\/?p=87824"},"modified":"2016-06-08T19:49:30","modified_gmt":"2016-06-08T22:49:30","slug":"fatecs-prorrogam-inscricoes-para-o-vestibular-do-segundo-semestre-de-2016","status":"publish","type":"post","link":"https:\/\/migracao.redenoticia.com.br\/noticia\/2016\/fatecs-prorrogam-inscricoes-para-o-vestibular-do-segundo-semestre-de-2016\/87824","title":{"rendered":"Fatecs prorrogam inscri\u00e7\u00f5es para o vestibular do segundo semestre de 2016"},"content":{"rendered":"<p> O Centro Paula Souza prorrogou o prazo de inscri\u00e7\u00e3o para o <strong><em>vestibular das Faculdades de Tecnologia<\/em><\/strong> (Fatecs), que terminariam nesta quinta-feira (9). Agora, os estudantes t\u00eam at\u00e9 as 15h de segunda-feira (13) para se inscrever no processo seletivo para o segundo semestre de 2016.<\/p>\n<p>Para se inscrever, exclusivamente pelo site do , o candidato deve preencher a Ficha de Inscri\u00e7\u00e3o e o question\u00e1rio socioecon\u00f4mico, imprimir o boleto e pagar a taxa no valor de R$ 75 (em dinheiro) em qualquer ag\u00eancia banc\u00e1ria.<\/p>\n<p>O processo seletivo oferece 15.325 vagas &#8211; esse n\u00famero inclui 1.800 vagas para a modalidade a dist\u00e2ncia &#8211; distribu\u00eddas entre as 66 Fatecs. O exame ser\u00e1 no dia 3 de julho (domingo). <\/p>\n<p>Tr\u00eas Fatecs v\u00e3o ampliar os cursos oferecidos: Fatec Barueri &#8211; Log\u00edstica (40 vagas, tarde); Fatec Itapetininga &#8211; Gest\u00e3o Ambiental (40 vagas, manh\u00e3) e Fatec S\u00e3o Sebasti\u00e3o &#8211; Log\u00edstica (40 vagas, manh\u00e3. As disciplinas do 4\u00ba ao 6\u00ba semestres ser\u00e3o ministradas no per\u00edodo noturno).<\/p>\n<p>Do Portal do Governo do Estado SP<\/p>\n","protected":false},"excerpt":{"rendered":"<p>O Centro Paula Souza prorrogou o prazo de inscri\u00e7\u00e3o para o vestibular das Faculdades de Tecnologia (Fatecs), que terminariam nesta quinta-feira (9). Agora, os estudantes t\u00eam at\u00e9 as 15h de segunda-feira (13) para se inscrever no processo seletivo para o segundo semestre de 2016. Para se inscrever, exclusivamente pelo site do , o candidato deve [&hellip;]<\/p>\n","protected":false},"author":2,"featured_media":36244,"comment_status":"open","ping_status":"closed","sticky":false,"template":"","format":"standard","meta":{"tdm_status":"","tdm_grid_status":"","footnotes":""},"categories":[22,370,295],"tags":[],"class_list":{"0":"post-87824","1":"post","2":"type-post","3":"status-publish","4":"format-standard","5":"has-post-thumbnail","7":"category-brasil","8":"category-inscricao","9":"category-vestibular"},"_links":{"self":[{"href":"https:\/\/migracao.redenoticia.com.br\/noticia\/wp-json\/wp\/v2\/posts\/87824","targetHints":{"allow":["GET"]}}],"collection":[{"href":"https:\/\/migracao.redenoticia.com.br\/noticia\/wp-json\/wp\/v2\/posts"}],"about":[{"href":"https:\/\/migracao.redenoticia.com.br\/noticia\/wp-json\/wp\/v2\/types\/post"}],"author":[{"embeddable":true,"href":"https:\/\/migracao.redenoticia.com.br\/noticia\/wp-json\/wp\/v2\/users\/2"}],"replies":[{"embeddable":true,"href":"https:\/\/migracao.redenoticia.com.br\/noticia\/wp-json\/wp\/v2\/comments?post=87824"}],"version-history":[{"count":0,"href":"https:\/\/migracao.redenoticia.com.br\/noticia\/wp-json\/wp\/v2\/posts\/87824\/revisions"}],"wp:featuredmedia":[{"embeddable":true,"href":"https:\/\/migracao.redenoticia.com.br\/noticia\/wp-json\/wp\/v2\/media\/36244"}],"wp:attachment":[{"href":"https:\/\/migracao.redenoticia.com.br\/noticia\/wp-json\/wp\/v2\/media?parent=87824"}],"wp:term":[{"taxonomy":"category","embeddable":true,"href":"https:\/\/migracao.redenoticia.com.br\/noticia\/wp-json\/wp\/v2\/categories?post=87824"},{"taxonomy":"post_tag","embeddable":true,"href":"https:\/\/migracao.redenoticia.com.br\/noticia\/wp-json\/wp\/v2\/tags?post=87824"}],"curies":[{"name":"wp","href":"https:\/\/api.w.org\/{rel}","templated":true}]}}