{"id":88262,"date":"2016-06-15T19:40:22","date_gmt":"2016-06-15T22:40:22","guid":{"rendered":"http:\/\/www.redenoticia.com.br\/noticia\/?p=88262"},"modified":"2016-06-15T16:48:58","modified_gmt":"2016-06-15T19:48:58","slug":"novela-sila-resumo-1606-dihan-manda-esma-sair-de-mardin","status":"publish","type":"post","link":"https:\/\/migracao.redenoticia.com.br\/noticia\/2016\/novela-sila-resumo-1606-dihan-manda-esma-sair-de-mardin\/88262","title":{"rendered":"Novela \u201cSila\u201d resumo 16\/06: Dihan manda Esma sair de Mardin"},"content":{"rendered":"<p> <img loading=\"lazy\" decoding=\"async\" class=\"alignleft size-thumbnail wp-image-83098\" src=\"https:\/\/migracao.redenoticia.com.br\/noticia\/imagens\/sila_band_novela_resumo_capitulo-150x112.jpg\" alt=\"sila_band_novela_resumo_capitulo\" width=\"150\" height=\"112\" srcset=\"https:\/\/migracao.redenoticia.com.br\/noticia\/imagens\/sila_band_novela_resumo_capitulo-150x112.jpg 150w, https:\/\/migracao.redenoticia.com.br\/noticia\/imagens\/sila_band_novela_resumo_capitulo-265x198.jpg 265w\" sizes=\"auto, (max-width: 150px) 100vw, 150px\" \/><strong><em> Novela \u201cSila\u201d resumo 16\/06<\/em><\/strong>: Dihan janta com Esma e ignora sua esposa. A mulher, cansada de tanta humilha\u00e7\u00e3o e desprezo, toma comprimidos e tenta se matar. Os filhas a encontram ca\u00edda e ela \u00e9 internada no hospital. Dihan mata Azad e, logo depois, descobre que sua esposa tentou o suic\u00eddio. Ele a visita, decide se afastar de Esma e a manda sair de Mardin.  <\/p>\n<p>No capitulo 069(*), novela \u201cSila\u201d, quinta-feira, 16 de junho &#8211; Azad e Dihan se encaram e a discuss\u00e3o termina mal. Boran vai at\u00e9 o local e encontra Azad morto. Dihan visita a esposa no hospital. Boran denuncia Dihan \u00e0 pol\u00edcia como suspeito pela morte de Azad. Celil e Bedar n\u00e3o podem mais com a dor, depois de saberem que seu filho Azad morreu. Por outro lado, Sila est\u00e1 em choque e n\u00e3o acredita que foi um acidente. Al\u00e9m disso, ela desconfia do pai de Boran e de Dihan. A pol\u00edcia continua a investiga\u00e7\u00e3o da morte de Azad.<\/p>\n<p> Sila re\u00fane os trabalhadores e promete que os respons\u00e1veis pelas mortes n\u00e3o ficar\u00e3o impunes. Boran vai \u00e0 casa de Dihan buscar explica\u00e7\u00f5es. A pol\u00edcia investiga a morte de Azad. Dihan acompanha a esposa no hospital e pede para Esma ir embora de Mardin. Boran tenta consolar Narin.<\/p>\n<p> Boran interroga os homens de Dihan. Esma n\u00e3o se conforma com o abandono de Dihan. Boran decide descobrir o que realmente aconteceu com Azad e interroga um homem que trabalhou no hotel onde Azad estava hospedado antes de morrer. Boran v\u00ea Dihan em uma farm\u00e1cio e o segue. Quando est\u00e3o pr\u00f3ximos de se enfrentarem, o irm\u00e3o de Dihan dispara uma arma e come\u00e7a um tiroteio. Boran e Dihan se envolvem em um tiroteio.<\/p>\n<p>(*) edi\u00e7\u00e3o da Band, Novela \u201cSila\u201d, sujeito a altera\u00e7\u00e3o de data e conte\u00fado. <\/p>\n","protected":false},"excerpt":{"rendered":"<p>Novela \u201cSila\u201d resumo 16\/06: Dihan janta com Esma e ignora sua esposa. A mulher, cansada de tanta humilha\u00e7\u00e3o e desprezo, toma comprimidos e tenta se matar. Os filhas a encontram ca\u00edda e ela \u00e9 internada no hospital. Dihan mata Azad e, logo depois, descobre que sua esposa tentou o suic\u00eddio. Ele a visita, decide se [&hellip;]<\/p>\n","protected":false},"author":2,"featured_media":83098,"comment_status":"open","ping_status":"closed","sticky":false,"template":"","format":"standard","meta":{"tdm_status":"","tdm_grid_status":"","footnotes":""},"categories":[390,379,343],"tags":[441],"class_list":{"0":"post-88262","1":"post","2":"type-post","3":"status-publish","4":"format-standard","5":"has-post-thumbnail","7":"category-band","8":"category-novelas","9":"category-televisao","10":"tag-resumo-do-dia"},"_links":{"self":[{"href":"https:\/\/migracao.redenoticia.com.br\/noticia\/wp-json\/wp\/v2\/posts\/88262","targetHints":{"allow":["GET"]}}],"collection":[{"href":"https:\/\/migracao.redenoticia.com.br\/noticia\/wp-json\/wp\/v2\/posts"}],"about":[{"href":"https:\/\/migracao.redenoticia.com.br\/noticia\/wp-json\/wp\/v2\/types\/post"}],"author":[{"embeddable":true,"href":"https:\/\/migracao.redenoticia.com.br\/noticia\/wp-json\/wp\/v2\/users\/2"}],"replies":[{"embeddable":true,"href":"https:\/\/migracao.redenoticia.com.br\/noticia\/wp-json\/wp\/v2\/comments?post=88262"}],"version-history":[{"count":0,"href":"https:\/\/migracao.redenoticia.com.br\/noticia\/wp-json\/wp\/v2\/posts\/88262\/revisions"}],"wp:featuredmedia":[{"embeddable":true,"href":"https:\/\/migracao.redenoticia.com.br\/noticia\/wp-json\/wp\/v2\/media\/83098"}],"wp:attachment":[{"href":"https:\/\/migracao.redenoticia.com.br\/noticia\/wp-json\/wp\/v2\/media?parent=88262"}],"wp:term":[{"taxonomy":"category","embeddable":true,"href":"https:\/\/migracao.redenoticia.com.br\/noticia\/wp-json\/wp\/v2\/categories?post=88262"},{"taxonomy":"post_tag","embeddable":true,"href":"https:\/\/migracao.redenoticia.com.br\/noticia\/wp-json\/wp\/v2\/tags?post=88262"}],"curies":[{"name":"wp","href":"https:\/\/api.w.org\/{rel}","templated":true}]}}