{"id":88349,"date":"2016-06-16T20:06:23","date_gmt":"2016-06-16T23:06:23","guid":{"rendered":"http:\/\/www.redenoticia.com.br\/noticia\/?p=88349"},"modified":"2016-06-16T21:43:41","modified_gmt":"2016-06-17T00:43:41","slug":"novela-sila-resumo-1706-boran-e-dihan-se-envolvem-em-um-tiroteio","status":"publish","type":"post","link":"https:\/\/migracao.redenoticia.com.br\/noticia\/2016\/novela-sila-resumo-1706-boran-e-dihan-se-envolvem-em-um-tiroteio\/88349","title":{"rendered":"Novela \u201cSila\u201d resumo 17\/06: Dihan \u00e9 preso"},"content":{"rendered":"<p> <img loading=\"lazy\" decoding=\"async\" class=\"alignleft size-thumbnail wp-image-83098\" src=\"https:\/\/migracao.redenoticia.com.br\/noticia\/imagens\/sila_band_novela_resumo_capitulo-150x112.jpg\" alt=\"sila_band_novela_resumo_capitulo\" width=\"150\" height=\"112\" srcset=\"https:\/\/migracao.redenoticia.com.br\/noticia\/imagens\/sila_band_novela_resumo_capitulo-150x112.jpg 150w, https:\/\/migracao.redenoticia.com.br\/noticia\/imagens\/sila_band_novela_resumo_capitulo-265x198.jpg 265w\" sizes=\"auto, (max-width: 150px) 100vw, 150px\" \/><strong><em> Novela \u201cSila\u201d resumo 17\/06<\/em><\/strong>: Boran fica furioso com as atitudes de Dihan e o expulsa do cl\u00e3. Dihan promete se vingar do primo e planeja matar a fam\u00edlia de Sila. Dihan tenta matar Celil e, logo depois, mata Azad. Boran tem certeza da culpa do primo. Ele v\u00ea Dihan em uma farm\u00e1cia e o segue. O irm\u00e3o de Dihan v\u00ea Boran, dispara uma arma e come\u00e7a um tiroteio. Um dos homens de Dihan o denuncia \u00e0 pol\u00edcia, ele \u00e9 interrogado pela pol\u00edcia e \u00e9 preso.<\/p>\n<p>No capitulo 070(*), novela \u201cSila\u201d, sexta-feira, 17 de junho &#8211; a pol\u00edcia investiga a morte de Azad. Dihan acompanha a esposa no hospital e pede para Esma ir embora de Mardin. Boran tenta consolar Narin. Boran interroga os homens de Dihan. <\/p>\n<p>Esma n\u00e3o se conforma com o abandono de Dihan. Boran decide descobrir o que realmente aconteceu com Azad e interroga um homem que trabalhou no hotel onde Azad estava hospedado antes de morrer. Boran v\u00ea Dihan em uma farm\u00e1cia e o segue. Quando est\u00e3o pr\u00f3ximos de se enfrentarem, o irm\u00e3o de Dihan dispara uma arma e come\u00e7a um tiroteio. Boran e Dihan se envolvem em um tiroteio.<\/p>\n<p> Um dos homens de Dihan o denuncia \u00e0 pol\u00edcia. Dihan \u00e9 interrogado pela pol\u00edcia e \u00e9 preso. Zinar, o pai de Dihan, vai at\u00e9 a delegacia e encontra Esma b\u00eabada. Zinar invade a casa de Celil e insulta a fam\u00edlia toda. Kevser e a empregada fazem uma simpatia para prejudicar Sila e colocam objetos no quarto dela. Boran descobre e manda a empregada embora. A esposa de Dihan sai do hospital.<\/p>\n<p>(*) edi\u00e7\u00e3o da Band, Novela \u201cSila\u201d, sujeito a altera\u00e7\u00e3o de data e conte\u00fado.<\/p>\n","protected":false},"excerpt":{"rendered":"<p>Novela \u201cSila\u201d resumo 17\/06: Boran fica furioso com as atitudes de Dihan e o expulsa do cl\u00e3. Dihan promete se vingar do primo e planeja matar a fam\u00edlia de Sila. Dihan tenta matar Celil e, logo depois, mata Azad. Boran tem certeza da culpa do primo. Ele v\u00ea Dihan em uma farm\u00e1cia e o segue. [&hellip;]<\/p>\n","protected":false},"author":2,"featured_media":83098,"comment_status":"open","ping_status":"closed","sticky":false,"template":"","format":"standard","meta":{"tdm_status":"","tdm_grid_status":"","footnotes":""},"categories":[390,379,343],"tags":[441],"class_list":{"0":"post-88349","1":"post","2":"type-post","3":"status-publish","4":"format-standard","5":"has-post-thumbnail","7":"category-band","8":"category-novelas","9":"category-televisao","10":"tag-resumo-do-dia"},"_links":{"self":[{"href":"https:\/\/migracao.redenoticia.com.br\/noticia\/wp-json\/wp\/v2\/posts\/88349","targetHints":{"allow":["GET"]}}],"collection":[{"href":"https:\/\/migracao.redenoticia.com.br\/noticia\/wp-json\/wp\/v2\/posts"}],"about":[{"href":"https:\/\/migracao.redenoticia.com.br\/noticia\/wp-json\/wp\/v2\/types\/post"}],"author":[{"embeddable":true,"href":"https:\/\/migracao.redenoticia.com.br\/noticia\/wp-json\/wp\/v2\/users\/2"}],"replies":[{"embeddable":true,"href":"https:\/\/migracao.redenoticia.com.br\/noticia\/wp-json\/wp\/v2\/comments?post=88349"}],"version-history":[{"count":0,"href":"https:\/\/migracao.redenoticia.com.br\/noticia\/wp-json\/wp\/v2\/posts\/88349\/revisions"}],"wp:featuredmedia":[{"embeddable":true,"href":"https:\/\/migracao.redenoticia.com.br\/noticia\/wp-json\/wp\/v2\/media\/83098"}],"wp:attachment":[{"href":"https:\/\/migracao.redenoticia.com.br\/noticia\/wp-json\/wp\/v2\/media?parent=88349"}],"wp:term":[{"taxonomy":"category","embeddable":true,"href":"https:\/\/migracao.redenoticia.com.br\/noticia\/wp-json\/wp\/v2\/categories?post=88349"},{"taxonomy":"post_tag","embeddable":true,"href":"https:\/\/migracao.redenoticia.com.br\/noticia\/wp-json\/wp\/v2\/tags?post=88349"}],"curies":[{"name":"wp","href":"https:\/\/api.w.org\/{rel}","templated":true}]}}