{"id":88373,"date":"2016-06-16T19:29:31","date_gmt":"2016-06-16T22:29:31","guid":{"rendered":"http:\/\/www.redenoticia.com.br\/noticia\/?p=88373"},"modified":"2016-06-16T17:32:45","modified_gmt":"2016-06-16T20:32:45","slug":"novela-haja-coracao-resumo-1706-camila-e-giovanni-se-declaram-apaixonados","status":"publish","type":"post","link":"https:\/\/migracao.redenoticia.com.br\/noticia\/2016\/novela-haja-coracao-resumo-1706-camila-e-giovanni-se-declaram-apaixonados\/88373","title":{"rendered":"Novela \u201cHaja Cora\u00e7\u00e3o\u201d resumo 17\/06: Camila e Giovanni se declaram apaixonados"},"content":{"rendered":"<p> <img loading=\"lazy\" decoding=\"async\" class=\"alignleft size-thumbnail wp-image-87038\" src=\"https:\/\/migracao.redenoticia.com.br\/noticia\/imagens\/haja_coracao_novela_resumo_capitulo_globo-150x112.jpg\" alt=\"haja_coracao_novela_resumo_capitulo_globo\" width=\"150\" height=\"112\" srcset=\"https:\/\/migracao.redenoticia.com.br\/noticia\/imagens\/haja_coracao_novela_resumo_capitulo_globo-150x112.jpg 150w, https:\/\/migracao.redenoticia.com.br\/noticia\/imagens\/haja_coracao_novela_resumo_capitulo_globo-265x198.jpg 265w\" sizes=\"auto, (max-width: 150px) 100vw, 150px\" \/><strong><em>Novela \u201cHaja Cora\u00e7\u00e3o\u201d resumo 17\/06<\/em><\/strong>: depois de perder a mem\u00f3ria no acidente, Camila, aos poucos come\u00e7a a se reconhecer e criar uma nova personalidade. Mas, ao passar pelo dep\u00f3sito do Grand Bazzar, onde houve uma explos\u00e3o anos atr\u00e1s, ela tem um flash de mem\u00f3ria e fica tonta. Enquanto tenta se equilibrar, ela diz que viu uma explos\u00e3o. Giovanni fica em choque e logo pergunta ansioso se a mem\u00f3ria dela voltou. Camila o questiona sobre seu envolvimento com a explos\u00e3o. Depois do ocorrido, Camila e Giovanni se declaram apaixonados um pelo outro.<\/p>\n<p>No capitulo 016(*), novela \u201cHaja Cora\u00e7\u00e3o\u201d, sexta-feira, 17 de junho \u2013 Camila questiona Giovanni sobre seu envolvimento com a explos\u00e3o. <\/p>\n<p>Ad\u00f4nis mente para Shirlei sobre sua faculdade. Camila e Giovanni se declaram apaixonados um pelo outro. <\/p>\n<p>Leozinho avisa a Dinamite que pretende tirar a vida de Fedora depois de seu casamento.<\/p>\n<p>(*) edi\u00e7\u00e3o da Rede Globo, Novela \u201cHaja Cora\u00e7\u00e3o\u201d, sujeito a altera\u00e7\u00e3o de data e conte\u00fado.<\/p>\n","protected":false},"excerpt":{"rendered":"<p>Novela \u201cHaja Cora\u00e7\u00e3o\u201d resumo 17\/06: depois de perder a mem\u00f3ria no acidente, Camila, aos poucos come\u00e7a a se reconhecer e criar uma nova personalidade. Mas, ao passar pelo dep\u00f3sito do Grand Bazzar, onde houve uma explos\u00e3o anos atr\u00e1s, ela tem um flash de mem\u00f3ria e fica tonta. Enquanto tenta se equilibrar, ela diz que viu [&hellip;]<\/p>\n","protected":false},"author":2,"featured_media":87038,"comment_status":"open","ping_status":"closed","sticky":false,"template":"","format":"standard","meta":{"tdm_status":"","tdm_grid_status":"","footnotes":""},"categories":[379,375,343],"tags":[441],"class_list":{"0":"post-88373","1":"post","2":"type-post","3":"status-publish","4":"format-standard","5":"has-post-thumbnail","7":"category-novelas","8":"category-rede-globo","9":"category-televisao","10":"tag-resumo-do-dia"},"_links":{"self":[{"href":"https:\/\/migracao.redenoticia.com.br\/noticia\/wp-json\/wp\/v2\/posts\/88373","targetHints":{"allow":["GET"]}}],"collection":[{"href":"https:\/\/migracao.redenoticia.com.br\/noticia\/wp-json\/wp\/v2\/posts"}],"about":[{"href":"https:\/\/migracao.redenoticia.com.br\/noticia\/wp-json\/wp\/v2\/types\/post"}],"author":[{"embeddable":true,"href":"https:\/\/migracao.redenoticia.com.br\/noticia\/wp-json\/wp\/v2\/users\/2"}],"replies":[{"embeddable":true,"href":"https:\/\/migracao.redenoticia.com.br\/noticia\/wp-json\/wp\/v2\/comments?post=88373"}],"version-history":[{"count":0,"href":"https:\/\/migracao.redenoticia.com.br\/noticia\/wp-json\/wp\/v2\/posts\/88373\/revisions"}],"wp:featuredmedia":[{"embeddable":true,"href":"https:\/\/migracao.redenoticia.com.br\/noticia\/wp-json\/wp\/v2\/media\/87038"}],"wp:attachment":[{"href":"https:\/\/migracao.redenoticia.com.br\/noticia\/wp-json\/wp\/v2\/media?parent=88373"}],"wp:term":[{"taxonomy":"category","embeddable":true,"href":"https:\/\/migracao.redenoticia.com.br\/noticia\/wp-json\/wp\/v2\/categories?post=88373"},{"taxonomy":"post_tag","embeddable":true,"href":"https:\/\/migracao.redenoticia.com.br\/noticia\/wp-json\/wp\/v2\/tags?post=88373"}],"curies":[{"name":"wp","href":"https:\/\/api.w.org\/{rel}","templated":true}]}}