{"id":88397,"date":"2016-06-17T10:35:11","date_gmt":"2016-06-17T13:35:11","guid":{"rendered":"http:\/\/www.redenoticia.com.br\/noticia\/?p=88397"},"modified":"2016-06-16T20:57:04","modified_gmt":"2016-06-16T23:57:04","slug":"sp-escola-de-teatro-de-sp-abre-curso-para-profissionais-e-estudantes-de-danca","status":"publish","type":"post","link":"https:\/\/migracao.redenoticia.com.br\/noticia\/2016\/sp-escola-de-teatro-de-sp-abre-curso-para-profissionais-e-estudantes-de-danca\/88397","title":{"rendered":"SP Escola de Teatro de SP abre curso para profissionais e estudantes de dan\u00e7a"},"content":{"rendered":"<p> A SP <strong><em>Escola de Teatro<\/em><\/strong> receber\u00e1 o N\u00facleo Taanteatro de Forma\u00e7\u00e3o, Pesquisa e Cria\u00e7\u00e3o (NuTAAN) para um curso de extens\u00e3o sobre a metodologia do coletivo para desenvolver seus espet\u00e1culos. Os interessados podem se inscrever at\u00e9 o dia 23 de junho pelo .<\/p>\n<p>Voltado para profissionais e estudantes de dan\u00e7a e artes perform\u00e1ticas, o curso \u2013 que acontece de 5 de julho a 5 de novembro\u00a0\u2013\u00a0permitir\u00e1 aos alunos desenvolverem suas capacidades comunicativas, al\u00e9m de estudarem procedimentos da presen\u00e7a c\u00eanica, cria\u00e7\u00e3o, encena\u00e7\u00e3o e an\u00e1lise coreogr\u00e1fica.<\/p>\n<p>Fundada em 1991, a Taanteatro Companhia promove espet\u00e1culos baseados na dan\u00e7a japonesa de vanguarda. Logo conquistaram o p\u00fablico e a cr\u00edtica, o que levou a diversos e importantes reconhecimentos, como o pr\u00eamio APCA, o Klauss Vianna e a Cooperativa Paulista de Dan\u00e7a.<\/p>\n<p>SERVI\u00c7O<br \/>\nCurso de extens\u00e3o na SP Escola de Teatro<br \/>\nInscri\u00e7\u00f5es at\u00e9 23 de junho<br \/>\nDe 5 de julho a 5 de novembro, \u00e0s ter\u00e7as e quintas, das 19h \u00e0s 22h<br \/>\nSP Escola de Teatro &#8211; Sede Roosevelt (Pra\u00e7a Roosevelt, 210, Metr\u00f4 Rep\u00fablica)<br \/>\nPara mais informa\u00e7\u00f5es, <\/p>\n<p>Do Portal do Governo do Estado SP<\/p>\n","protected":false},"excerpt":{"rendered":"<p>A SP Escola de Teatro receber\u00e1 o N\u00facleo Taanteatro de Forma\u00e7\u00e3o, Pesquisa e Cria\u00e7\u00e3o (NuTAAN) para um curso de extens\u00e3o sobre a metodologia do coletivo para desenvolver seus espet\u00e1culos. Os interessados podem se inscrever at\u00e9 o dia 23 de junho pelo . Voltado para profissionais e estudantes de dan\u00e7a e artes perform\u00e1ticas, o curso \u2013 [&hellip;]<\/p>\n","protected":false},"author":2,"featured_media":27918,"comment_status":"open","ping_status":"closed","sticky":false,"template":"","format":"standard","meta":{"tdm_status":"","tdm_grid_status":"","footnotes":""},"categories":[22,351,370],"tags":[],"class_list":{"0":"post-88397","1":"post","2":"type-post","3":"status-publish","4":"format-standard","5":"has-post-thumbnail","7":"category-brasil","8":"category-cursos","9":"category-inscricao"},"_links":{"self":[{"href":"https:\/\/migracao.redenoticia.com.br\/noticia\/wp-json\/wp\/v2\/posts\/88397","targetHints":{"allow":["GET"]}}],"collection":[{"href":"https:\/\/migracao.redenoticia.com.br\/noticia\/wp-json\/wp\/v2\/posts"}],"about":[{"href":"https:\/\/migracao.redenoticia.com.br\/noticia\/wp-json\/wp\/v2\/types\/post"}],"author":[{"embeddable":true,"href":"https:\/\/migracao.redenoticia.com.br\/noticia\/wp-json\/wp\/v2\/users\/2"}],"replies":[{"embeddable":true,"href":"https:\/\/migracao.redenoticia.com.br\/noticia\/wp-json\/wp\/v2\/comments?post=88397"}],"version-history":[{"count":0,"href":"https:\/\/migracao.redenoticia.com.br\/noticia\/wp-json\/wp\/v2\/posts\/88397\/revisions"}],"wp:featuredmedia":[{"embeddable":true,"href":"https:\/\/migracao.redenoticia.com.br\/noticia\/wp-json\/wp\/v2\/media\/27918"}],"wp:attachment":[{"href":"https:\/\/migracao.redenoticia.com.br\/noticia\/wp-json\/wp\/v2\/media?parent=88397"}],"wp:term":[{"taxonomy":"category","embeddable":true,"href":"https:\/\/migracao.redenoticia.com.br\/noticia\/wp-json\/wp\/v2\/categories?post=88397"},{"taxonomy":"post_tag","embeddable":true,"href":"https:\/\/migracao.redenoticia.com.br\/noticia\/wp-json\/wp\/v2\/tags?post=88397"}],"curies":[{"name":"wp","href":"https:\/\/api.w.org\/{rel}","templated":true}]}}