{"id":8840,"date":"2009-08-17T10:35:09","date_gmt":"2009-08-17T14:35:09","guid":{"rendered":"http:\/\/www.redenoticia.com.br\/noticia\/?p=8840"},"modified":"2009-08-17T10:35:09","modified_gmt":"2009-08-17T14:35:09","slug":"miss-universo%c2%ae-2009-sera-maquiada-pela-alema-kryolan","status":"publish","type":"post","link":"https:\/\/migracao.redenoticia.com.br\/noticia\/2009\/miss-universo%c2%ae-2009-sera-maquiada-pela-alema-kryolan\/8840","title":{"rendered":"Miss Universo\u00ae 2009 ser\u00e1 maquiada pela alem\u00e3 Kryolan"},"content":{"rendered":"<p>A alem\u00e3 Kryolan ser\u00e1 a marca oficial de cosm\u00e9ticos que patrocinar\u00e1 a 58\u00aa edi\u00e7\u00e3o do Miss Universo 2009. Um time de artistas internacionais especialmente organizado ser\u00e1 respons\u00e1vel pela maquiagem das candidatas \u00e0 competi\u00e7\u00e3o, que ser\u00e1 realizada nas Bahamas. Dominic Cruz, Diretor de Ensino e Treinamento da Kryolan dos EUA, \u00e9 o respons\u00e1vel pela coordena\u00e7\u00e3o e organiza\u00e7\u00e3o da equipe. Cruz, junto do maquiador oficial da marca, Jos Brands, tem estado \u00e0 frente, em in\u00fameras ocasi\u00f5es, da equipe internacional de maquiagem da Kryolan em desfiles de moda, por exemplo.\u00a0<\/p>\n<p>As emissoras de televis\u00e3o Bandeirantes e TNT ir\u00e3o transmitir a competi\u00e7\u00e3o Miss Universo 2009\u00a0no domingo, 23 de agosto, a partir das 22 horas, direto do Atlantis Resort Paradise Island nas Bahamas. No percurso ao t\u00edtulo cobi\u00e7ado, todas participantes dever\u00e3o competir nas categorias traje de banho, traje de gala e entrevista. A representante brasileira deste ano \u00e9 a potiguar Larissa Costa, pedagoga de 25 anos que trabalha na secretaria de educa\u00e7\u00e3o de Natal, al\u00e9m de atuar como modelo.<\/p>\n<p>O Miss Universo 2009 \u00e9 uma joint venture de Donald Trump e a NBC Universal. A Organiza\u00e7\u00e3o Miss Universo 2009 tem trabalhado para aumentar a consci\u00eancia do perigo do v\u00edrus HIV e Aids, com concentra\u00e7\u00e3o de esfor\u00e7os na sa\u00fade da mulher e em temas como reprodu\u00e7\u00e3o.<\/p>\n<p>Desde 1945 a Kryolan tem fabricado cosm\u00e9ticos para teatro, cinema, televis\u00e3o, fotografia, moda, v\u00eddeo e efeitos especiais &#8211; assim como produtos de maquiagem para consumidores finais. Os produtos da marca com o logo trazendo a m\u00e1scara do teatro est\u00e1 dispon\u00edvel em cerca de 80 pa\u00edses.<\/p>\n<p>Como resultado desta grande compet\u00eancia em desenvolvimento e fabrica\u00e7\u00e3o de produtos usados por maquiadores, a Kryolan \u00e9 a parceira ideal para o concurso Miss Universo 2009. Modelos, atores, cantores e apresentadores de TV confiam na marca seja nos palcos ou nos est\u00fadios &#8211; assim como para a maquiagem pessoal do dia-a-dia e para suas apari\u00e7\u00f5es em eventos sociais.<\/p>\n","protected":false},"excerpt":{"rendered":"<p>A alem\u00e3 Kryolan ser\u00e1 a marca oficial de cosm\u00e9ticos que patrocinar\u00e1 a 58\u00aa edi\u00e7\u00e3o do Miss Universo 2009. Um time de artistas internacionais especialmente organizado ser\u00e1 respons\u00e1vel pela maquiagem das candidatas \u00e0 competi\u00e7\u00e3o, que ser\u00e1 realizada nas Bahamas. Dominic Cruz, Diretor de Ensino e Treinamento da Kryolan dos EUA, \u00e9 o respons\u00e1vel pela coordena\u00e7\u00e3o e [&hellip;]<\/p>\n","protected":false},"author":3,"featured_media":0,"comment_status":"open","ping_status":"open","sticky":false,"template":"","format":"standard","meta":{"tdm_status":"","tdm_grid_status":"","footnotes":""},"categories":[22,343],"tags":[],"class_list":{"0":"post-8840","1":"post","2":"type-post","3":"status-publish","4":"format-standard","6":"category-brasil","7":"category-televisao"},"_links":{"self":[{"href":"https:\/\/migracao.redenoticia.com.br\/noticia\/wp-json\/wp\/v2\/posts\/8840","targetHints":{"allow":["GET"]}}],"collection":[{"href":"https:\/\/migracao.redenoticia.com.br\/noticia\/wp-json\/wp\/v2\/posts"}],"about":[{"href":"https:\/\/migracao.redenoticia.com.br\/noticia\/wp-json\/wp\/v2\/types\/post"}],"author":[{"embeddable":true,"href":"https:\/\/migracao.redenoticia.com.br\/noticia\/wp-json\/wp\/v2\/users\/3"}],"replies":[{"embeddable":true,"href":"https:\/\/migracao.redenoticia.com.br\/noticia\/wp-json\/wp\/v2\/comments?post=8840"}],"version-history":[{"count":0,"href":"https:\/\/migracao.redenoticia.com.br\/noticia\/wp-json\/wp\/v2\/posts\/8840\/revisions"}],"wp:attachment":[{"href":"https:\/\/migracao.redenoticia.com.br\/noticia\/wp-json\/wp\/v2\/media?parent=8840"}],"wp:term":[{"taxonomy":"category","embeddable":true,"href":"https:\/\/migracao.redenoticia.com.br\/noticia\/wp-json\/wp\/v2\/categories?post=8840"},{"taxonomy":"post_tag","embeddable":true,"href":"https:\/\/migracao.redenoticia.com.br\/noticia\/wp-json\/wp\/v2\/tags?post=8840"}],"curies":[{"name":"wp","href":"https:\/\/api.w.org\/{rel}","templated":true}]}}