{"id":88436,"date":"2016-06-17T19:49:02","date_gmt":"2016-06-17T22:49:02","guid":{"rendered":"http:\/\/www.redenoticia.com.br\/noticia\/?p=88436"},"modified":"2016-06-17T15:53:52","modified_gmt":"2016-06-17T18:53:52","slug":"novela-sila-resumo-1806-dihan-e-liberado-por-falta-de-provas","status":"publish","type":"post","link":"https:\/\/migracao.redenoticia.com.br\/noticia\/2016\/novela-sila-resumo-1806-dihan-e-liberado-por-falta-de-provas\/88436","title":{"rendered":"Novela \u201cSila\u201d resumo 18\/06: Dihan \u00e9 liberado por falta de provas"},"content":{"rendered":"<p> <img loading=\"lazy\" decoding=\"async\" class=\"alignleft size-thumbnail wp-image-83098\" src=\"https:\/\/migracao.redenoticia.com.br\/noticia\/imagens\/sila_band_novela_resumo_capitulo-150x112.jpg\" alt=\"sila_band_novela_resumo_capitulo\" width=\"150\" height=\"112\" srcset=\"https:\/\/migracao.redenoticia.com.br\/noticia\/imagens\/sila_band_novela_resumo_capitulo-150x112.jpg 150w, https:\/\/migracao.redenoticia.com.br\/noticia\/imagens\/sila_band_novela_resumo_capitulo-265x198.jpg 265w\" sizes=\"auto, (max-width: 150px) 100vw, 150px\" \/><strong><em> Novela \u201cSila\u201d resumo 18\/06<\/em><\/strong>: Boran se re\u00fane com os l\u00edderes do cl\u00e3 e n\u00e3o chegam a um acordo sobre o destino de Dihan. Boran explica \u00e0 tribo que Dihan matou Azad e deve ser punido. Por outro lado, os membros da tribo dizem que a senten\u00e7a de morte de Narin e Sila n\u00e3o ser\u00e1 cancelada. A senten\u00e7a apenas est\u00e1 suspensa, at\u00e9 que Sila termine a amamenta\u00e7\u00e3o. Dihan \u00e9 liberado por falta de provas.<\/p>\n<p>No capitulo 071(*), novela \u201cSila\u201d, s\u00e1bado, 18 de junho &#8211; o irm\u00e3o de Dihan dispara uma arma e come\u00e7a um tiroteio. Boran e Dihan se envolvem em um tiroteio. Um dos homens de Dihan o denuncia \u00e0 pol\u00edcia. Dihan \u00e9 interrogado pela pol\u00edcia e \u00e9 preso. Zinar, o pai de Dihan, vai at\u00e9 a delegacia e encontra Esma b\u00eabada. Zinar invade a casa de Celil e insulta a fam\u00edlia toda. Kevser e a empregada fazem uma simpatia para prejudicar Sila e colocam objetos no quarto dela. Boran descobre e manda a empregada embora. A esposa de Dihan sai do hospital.<\/p>\n<p> Boran se re\u00fane com os l\u00edderes do cl\u00e3 e n\u00e3o chegam a um acordo sobre o destino de Dihan. Boran explica \u00e0 tribo que Dihan matou Azad e deve ser punido. Por outro lado, os membros da tribo dizem que a senten\u00e7a de morte de Narin e Sila n\u00e3o ser\u00e1 cancelada. A senten\u00e7a apenas est\u00e1 suspensa, at\u00e9 que Sila termine a amamenta\u00e7\u00e3o. Al\u00e9m disso, Dihan \u00e9 liberado por falta de provas. Preocupado, Boran diz a Sila que vai envi\u00e1-la a Istambul para evitar que algo ruim aconte\u00e7a, porque o conselho pode nomear Dihan como chefe. Kevser vai \u00e0 casa de Bedar e leva Narin embora. Sila desobedece o marido e n\u00e3o viaja. Narin sofre com a aus\u00eancia de Azad. <\/p>\n<p> Kevser desconfia que Narin est\u00e1 gr\u00e1vida. Boran visita Narin e discute com a m\u00e3e. Esma viaja para Istambul. Boran autoriza um casamento arranjado e Sila fica furiosa com a decis\u00e3o do marido. Ayse diz a Boran que ningu\u00e9m est\u00e1 na casa. Quando sobe as escadas, ele entra no quarto e tem uma grande surpresa. Dihan descobre que Boran tentou levar Sila para Istambul. Boran desconfia que Dihan tenta dividir a tribo. Al\u00e9m disso, ele est\u00e1 intrigado com a chegada dos parentes da sua primeira esposa. Boran e Sila discutem sobre a decis\u00e3o que ele tomou. Sila confronta Boran pelo que ele fez no caso de Muarren e sua amada. No entanto, ele diz que tem que fazer o que um l\u00edder deve fazer. Narin descobre que est\u00e1 gr\u00e1vida e n\u00e3o fica feliz. As mulheres da f\u00e1brica convocam Sila para uma reuni\u00e3o. Kevser diz ao marido que n\u00e3o quer que Narin tenha um beb\u00ea. Boran \u00e9 amea\u00e7ado por um funcion\u00e1rio da f\u00e1brica que se sentiu tra\u00eddo. Narin conta a Sila e Boran sobre a gravidez. <\/p>\n<p>(*) edi\u00e7\u00e3o da Band, Novela \u201cSila\u201d, sujeito a altera\u00e7\u00e3o de data e conte\u00fado.  <\/p>\n","protected":false},"excerpt":{"rendered":"<p>Novela \u201cSila\u201d resumo 18\/06: Boran se re\u00fane com os l\u00edderes do cl\u00e3 e n\u00e3o chegam a um acordo sobre o destino de Dihan. Boran explica \u00e0 tribo que Dihan matou Azad e deve ser punido. Por outro lado, os membros da tribo dizem que a senten\u00e7a de morte de Narin e Sila n\u00e3o ser\u00e1 cancelada. [&hellip;]<\/p>\n","protected":false},"author":2,"featured_media":83098,"comment_status":"open","ping_status":"closed","sticky":false,"template":"","format":"standard","meta":{"tdm_status":"","tdm_grid_status":"","footnotes":""},"categories":[390,379,343],"tags":[441],"class_list":{"0":"post-88436","1":"post","2":"type-post","3":"status-publish","4":"format-standard","5":"has-post-thumbnail","7":"category-band","8":"category-novelas","9":"category-televisao","10":"tag-resumo-do-dia"},"_links":{"self":[{"href":"https:\/\/migracao.redenoticia.com.br\/noticia\/wp-json\/wp\/v2\/posts\/88436","targetHints":{"allow":["GET"]}}],"collection":[{"href":"https:\/\/migracao.redenoticia.com.br\/noticia\/wp-json\/wp\/v2\/posts"}],"about":[{"href":"https:\/\/migracao.redenoticia.com.br\/noticia\/wp-json\/wp\/v2\/types\/post"}],"author":[{"embeddable":true,"href":"https:\/\/migracao.redenoticia.com.br\/noticia\/wp-json\/wp\/v2\/users\/2"}],"replies":[{"embeddable":true,"href":"https:\/\/migracao.redenoticia.com.br\/noticia\/wp-json\/wp\/v2\/comments?post=88436"}],"version-history":[{"count":0,"href":"https:\/\/migracao.redenoticia.com.br\/noticia\/wp-json\/wp\/v2\/posts\/88436\/revisions"}],"wp:featuredmedia":[{"embeddable":true,"href":"https:\/\/migracao.redenoticia.com.br\/noticia\/wp-json\/wp\/v2\/media\/83098"}],"wp:attachment":[{"href":"https:\/\/migracao.redenoticia.com.br\/noticia\/wp-json\/wp\/v2\/media?parent=88436"}],"wp:term":[{"taxonomy":"category","embeddable":true,"href":"https:\/\/migracao.redenoticia.com.br\/noticia\/wp-json\/wp\/v2\/categories?post=88436"},{"taxonomy":"post_tag","embeddable":true,"href":"https:\/\/migracao.redenoticia.com.br\/noticia\/wp-json\/wp\/v2\/tags?post=88436"}],"curies":[{"name":"wp","href":"https:\/\/api.w.org\/{rel}","templated":true}]}}