{"id":8844,"date":"2009-08-17T10:36:13","date_gmt":"2009-08-17T14:36:13","guid":{"rendered":"http:\/\/www.redenoticia.com.br\/noticia\/?p=8844"},"modified":"2009-08-17T10:36:13","modified_gmt":"2009-08-17T14:36:13","slug":"revisao-de-normas-de-projeto-e-execucao-sera-discutida-em-seminario-na-concrete-show-2009","status":"publish","type":"post","link":"https:\/\/migracao.redenoticia.com.br\/noticia\/2009\/revisao-de-normas-de-projeto-e-execucao-sera-discutida-em-seminario-na-concrete-show-2009\/8844","title":{"rendered":"Revis\u00e3o de normas de projeto e execu\u00e7\u00e3o ser\u00e1 discutida em semin\u00e1rio na Concrete Show 2009"},"content":{"rendered":"<p><span style=\"font-family: &quot;Arial&quot;,&quot;sans-serif&quot;; color: black;\">A revis\u00e3o das normas\u00a0\u00a0brasileiras\u00a0que<span> <\/span>estabelecem as diretrizes a serem seguidas nos projetos e constru\u00e7\u00e3o de obras em alvenaria estrutural, ser\u00e1 um dos temas do Semin\u00e1rio de Alvenaria Estrutural. O evento, organizado e coordenado pela Associa\u00e7\u00e3o Brasileira da Ind\u00fastria de Blocos de Concreto, BlocoBrasil, acontecer\u00e1 durante a Concrete Show South America 2009.<span> <\/span><\/span><\/p>\n<p><span style=\"font-family: &quot;Arial&quot;,&quot;sans-serif&quot;; color: black;\">A medida est\u00e1 sendo discutida pelo Comit\u00ea Brasileiro 18 (CB 18), respons\u00e1vel pela<span> <\/span>normaliza\u00e7\u00e3o na \u00e1rea de concreto, da Associa\u00e7\u00e3o Brasileira de Normas T\u00e9cnicas (ABNT) com objetivo de atualizar a execu\u00e7\u00e3o e projetos realizados em alvenaria estrutural no pa\u00eds. \u201cAevolu\u00e7\u00e3o constante da tecnologia e as pesquisas e ensaios em laborat\u00f3rios, que permitem conhecer melhor o comportamento das alvenarias estruturais sujeitas a diversos tipos de esfor\u00e7os, exigem que as normas sejam atualizadas sempre\u201d, diz Carlos Alberto Tauil, arquiteto e diretor executivo da BlocoBrasil. \u201cAlguns pa\u00edses j\u00e1 alteraram suas normas de projeto e,\u00a0em vez de se usar o crit\u00e9rio de tens\u00f5es admiss\u00edveis\u00a0nas paredes de alvenaria, mudou-se para o\u00a0de estado limite de ruptura. Agora \u00e9 a vez de o Brasil se atualizar\u201d, completa.<\/span><\/p>\n<p><span style=\"font-family: &quot;Arial&quot;,&quot;sans-serif&quot;; color: black;\">O Semin\u00e1rio de Alvenaria Estrutural acontecer\u00e1 em dois dias: 27 e 28 de agosto, a partir das 9h, e ser\u00e1 dividido em tr\u00eas temas centrais: Concep\u00e7\u00e3o e arquitetura, Projeto estrutural e normas e Materiais e execu\u00e7\u00e3o. Ser\u00e3o ao todo\u00a0dez palestras ministradas por engenheiros e arquitetos especialistas na constru\u00e7\u00e3o com blocos estruturais de concreto.<\/span><\/p>\n<p><span style=\"font-family: &quot;Arial&quot;,&quot;sans-serif&quot;; color: black;\">Para participar, o custo \u00e9 de R$ 380,00. As inscri\u00e7\u00f5es devem ser feitas no site da Concrete Show (<a title=\"blocked::http:\/\/www.concreteshow.com.br\/\" href=\"http:\/\/www.concreteshow.com.br\/\" target=\"_blank\"><span style=\"color: black;\">www.concreteshow.com.br<\/span><\/a>).<span> <\/span><\/span><\/p>\n","protected":false},"excerpt":{"rendered":"<p>A revis\u00e3o das normas\u00a0\u00a0brasileiras\u00a0que estabelecem as diretrizes a serem seguidas nos projetos e constru\u00e7\u00e3o de obras em alvenaria estrutural, ser\u00e1 um dos temas do Semin\u00e1rio de Alvenaria Estrutural. O evento, organizado e coordenado pela Associa\u00e7\u00e3o Brasileira da Ind\u00fastria de Blocos de Concreto, BlocoBrasil, acontecer\u00e1 durante a Concrete Show South America 2009. A medida est\u00e1 sendo [&hellip;]<\/p>\n","protected":false},"author":2,"featured_media":0,"comment_status":"open","ping_status":"open","sticky":false,"template":"","format":"standard","meta":{"tdm_status":"","tdm_grid_status":"","footnotes":""},"categories":[22,7],"tags":[],"class_list":{"0":"post-8844","1":"post","2":"type-post","3":"status-publish","4":"format-standard","6":"category-brasil","7":"category-economia"},"_links":{"self":[{"href":"https:\/\/migracao.redenoticia.com.br\/noticia\/wp-json\/wp\/v2\/posts\/8844","targetHints":{"allow":["GET"]}}],"collection":[{"href":"https:\/\/migracao.redenoticia.com.br\/noticia\/wp-json\/wp\/v2\/posts"}],"about":[{"href":"https:\/\/migracao.redenoticia.com.br\/noticia\/wp-json\/wp\/v2\/types\/post"}],"author":[{"embeddable":true,"href":"https:\/\/migracao.redenoticia.com.br\/noticia\/wp-json\/wp\/v2\/users\/2"}],"replies":[{"embeddable":true,"href":"https:\/\/migracao.redenoticia.com.br\/noticia\/wp-json\/wp\/v2\/comments?post=8844"}],"version-history":[{"count":0,"href":"https:\/\/migracao.redenoticia.com.br\/noticia\/wp-json\/wp\/v2\/posts\/8844\/revisions"}],"wp:attachment":[{"href":"https:\/\/migracao.redenoticia.com.br\/noticia\/wp-json\/wp\/v2\/media?parent=8844"}],"wp:term":[{"taxonomy":"category","embeddable":true,"href":"https:\/\/migracao.redenoticia.com.br\/noticia\/wp-json\/wp\/v2\/categories?post=8844"},{"taxonomy":"post_tag","embeddable":true,"href":"https:\/\/migracao.redenoticia.com.br\/noticia\/wp-json\/wp\/v2\/tags?post=8844"}],"curies":[{"name":"wp","href":"https:\/\/api.w.org\/{rel}","templated":true}]}}