{"id":8860,"date":"2009-08-17T10:43:50","date_gmt":"2009-08-17T14:43:50","guid":{"rendered":"http:\/\/www.redenoticia.com.br\/noticia\/?p=8860"},"modified":"2009-08-17T10:43:50","modified_gmt":"2009-08-17T14:43:50","slug":"evandro-santo-o-christian-pior-apresenta-o-mr-gay-brasil-2009","status":"publish","type":"post","link":"https:\/\/migracao.redenoticia.com.br\/noticia\/2009\/evandro-santo-o-christian-pior-apresenta-o-mr-gay-brasil-2009\/8860","title":{"rendered":"Evandro Santo, o Christian Pior, apresenta o Mr. Gay Brasil 2009"},"content":{"rendered":"<p>Evandro Santo, o Christian Pior do\u00a0<em>P\u00e2nico na TV<\/em>, ser\u00e1 o apresentador do concurso\u00a0<em>Mr. Gay Brasil.<\/em><br \/>\nEvandro vai comandar a final, que acontece no dia 7 de setembro, \u00e0s 20h no Teatro Santo Agostinho,\u00a0em S\u00e3o Paulo.<br \/>\nO humorista, que est\u00e1 super empolgado com sua participa\u00e7\u00e3o, n\u00e3o vai incorporar Christian no palco, mas promete uma noite muito animada e fervida.<\/p>\n<p>O Concurso<\/p>\n<p>O\u00a0<em>Mister Gay Brasil<\/em>, idealizado pelo site\u00a0<em>Mix Brasil<\/em>, maior portal de conte\u00fado gay da Am\u00e9rica latina, nasceu no segundo semestre de 2007 com o objetivo de dar visibilidade para a comunidade LGBT e ampliar o calend\u00e1rio de atividades na cidade de S\u00e3o Paulo.<\/p>\n<p>O\u00a0<em>Mister Gay Brasil<\/em> segue o lema do concurso\u00a0<em>Mister Gay International<\/em>: Desmistificar os estere\u00f3tipos. Com isso, o intuito \u00e9 ter participantes que acrescentem algo, n\u00e3o tendo somente o f\u00edsico como atributo principal, e sim a maneira de ser, estar e conviver com a sociedade.<\/p>\n<p><strong>P\u00fablico<\/strong><br \/>\nO projeto visa a ampliar a diversidade sexual de um modo l\u00fadico e natural. Al\u00e9m de colaborar com a inser\u00e7\u00e3o de atividades culturais fora do chamado &#8216;gueto&#8217;. Na grande maioria, o p\u00fablico do concurso s\u00e3o gays que movimentam familiares e amigos para torcer e participar.<\/p>\n<p><strong>Premia\u00e7\u00e3o<\/strong><br \/>\nO candidato vencedor contar\u00e1 com os seguintes pr\u00eamios:<br \/>\nPrimeiro lugar:\u00a0o eleito se tornar\u00e1\u00a0<em>Mr. Gay Brasil<\/em>, tendo visibilidade e cach\u00eas em eventos, contrato de um ano com a organiza\u00e7\u00e3o e viajar\u00e1 para representar o Brasil no concurso\u00a0<em>Mr. Gay World<\/em> com despesas pagas. Tamb\u00e9m embarcar\u00e1 no cruzeiro\u00a0<em>Freedom on Board<\/em>, em 2010.<br \/>\nSegundo lugar:\u00a0o participante viajar\u00e1 para o exterior e representar\u00e1 o Brasil no\u00a0<em>Mr. Gay International<\/em>, tamb\u00e9m com todas as despesas pagas pela organiza\u00e7\u00e3o.\u00a0\u00a0Em dezembro, desfrutar\u00e1 de um resort na Costa do Sau\u00edpe,\u00a0no projeto\u00a0<em>Hell e Heven<\/em>.<\/p>\n<p>Pontos de vendas dos ingressos:<\/p>\n<p>Teatro Santo Agostinho<\/p>\n<p>Quarta a domingo, das 15h \u00e0s 20h.<\/p>\n<p>Rua Apeninos, 118, Vergueiro, S\u00e3o Paulo.<\/p>\n<p>Clinica Maison Depil<\/p>\n<p>Rua da Consola\u00e7\u00e3o, 2.961, Jardins, S\u00e3o Paulo.<\/p>\n<p>Bar Queen<\/p>\n<p>Rua Vit\u00f3ria, 826, Largo do Arouche, S\u00e3o Paulo.<\/p>\n<p>Valor: R$ 20,00<\/p>\n<p>Para mais informa\u00e7\u00f5es, acesse:\u00a0<a href=\"http:\/\/mrgaybrasil.uol.com.br\/\" target=\"_blank\">http:\/\/mrgaybrasil.uol.com.br\/<\/a><\/p>\n","protected":false},"excerpt":{"rendered":"<p>Evandro Santo, o Christian Pior do\u00a0P\u00e2nico na TV, ser\u00e1 o apresentador do concurso\u00a0Mr. Gay Brasil. Evandro vai comandar a final, que acontece no dia 7 de setembro, \u00e0s 20h no Teatro Santo Agostinho,\u00a0em S\u00e3o Paulo. O humorista, que est\u00e1 super empolgado com sua participa\u00e7\u00e3o, n\u00e3o vai incorporar Christian no palco, mas promete uma noite muito [&hellip;]<\/p>\n","protected":false},"author":2,"featured_media":0,"comment_status":"open","ping_status":"open","sticky":false,"template":"","format":"standard","meta":{"tdm_status":"","tdm_grid_status":"","footnotes":""},"categories":[22],"tags":[],"class_list":{"0":"post-8860","1":"post","2":"type-post","3":"status-publish","4":"format-standard","6":"category-brasil"},"_links":{"self":[{"href":"https:\/\/migracao.redenoticia.com.br\/noticia\/wp-json\/wp\/v2\/posts\/8860","targetHints":{"allow":["GET"]}}],"collection":[{"href":"https:\/\/migracao.redenoticia.com.br\/noticia\/wp-json\/wp\/v2\/posts"}],"about":[{"href":"https:\/\/migracao.redenoticia.com.br\/noticia\/wp-json\/wp\/v2\/types\/post"}],"author":[{"embeddable":true,"href":"https:\/\/migracao.redenoticia.com.br\/noticia\/wp-json\/wp\/v2\/users\/2"}],"replies":[{"embeddable":true,"href":"https:\/\/migracao.redenoticia.com.br\/noticia\/wp-json\/wp\/v2\/comments?post=8860"}],"version-history":[{"count":0,"href":"https:\/\/migracao.redenoticia.com.br\/noticia\/wp-json\/wp\/v2\/posts\/8860\/revisions"}],"wp:attachment":[{"href":"https:\/\/migracao.redenoticia.com.br\/noticia\/wp-json\/wp\/v2\/media?parent=8860"}],"wp:term":[{"taxonomy":"category","embeddable":true,"href":"https:\/\/migracao.redenoticia.com.br\/noticia\/wp-json\/wp\/v2\/categories?post=8860"},{"taxonomy":"post_tag","embeddable":true,"href":"https:\/\/migracao.redenoticia.com.br\/noticia\/wp-json\/wp\/v2\/tags?post=8860"}],"curies":[{"name":"wp","href":"https:\/\/api.w.org\/{rel}","templated":true}]}}