{"id":8864,"date":"2009-08-17T10:47:17","date_gmt":"2009-08-17T14:47:17","guid":{"rendered":"http:\/\/www.redenoticia.com.br\/noticia\/?p=8864"},"modified":"2009-08-17T10:47:17","modified_gmt":"2009-08-17T14:47:17","slug":"inscricoes-para-o-intercambio-eramus-mundus-17-ja-estao-abertas","status":"publish","type":"post","link":"https:\/\/migracao.redenoticia.com.br\/noticia\/2009\/inscricoes-para-o-intercambio-eramus-mundus-17-ja-estao-abertas\/8864","title":{"rendered":"Inscri\u00e7\u00f5es para o interc\u00e2mbio Eramus Mundus 17 j\u00e1 est\u00e3o abertas"},"content":{"rendered":"<p>Est\u00e3o abertas\u00a0<strong>at\u00e9 o dia 18 de setembro<\/strong> as inscri\u00e7\u00f5es para estudantes de gradua\u00e7\u00e3o, p\u00f3s-gradua\u00e7\u00e3o em n\u00edvel de doutorado, p\u00f3s-doutores e docentes interessados em candidatar-se a uma bolsa do Programa\u00a0<strong>Eramus Mundus<\/strong>, Projeto Mundus17.<\/p>\n<p>Os candidatos selecionados poder\u00e3o realizar estudos e atividades de pesquisa em uma das institui\u00e7\u00f5es europ\u00e9ias parceiras do Projeto, com as despesas de passagem \u00e1rea, seguro de sa\u00fade e bolsa mensal pagos pelo Programa.<\/p>\n<p>De acordo com os crit\u00e9rios estabelecidos pelo Programa, o interc\u00e2mbio ter\u00e1 como prioridade as \u00e1reas de Ci\u00eancias M\u00e9dicas, Ci\u00eancias Sociais, Ci\u00eancias Naturais, Educa\u00e7\u00e3o e Forma\u00e7\u00e3o de Professores, Engenharia e Tecnologia, e Ci\u00eancias Agr\u00e1rias.<\/p>\n<p>O objetivo \u00e9 aumentar a capacidade de coopera\u00e7\u00e3o internacional entre as universidades brasileiras e a Uni\u00e3o Europ\u00e9ia, por meio da promo\u00e7\u00e3o do interc\u00e2mbio de coopera\u00e7\u00e3o\u00a0 com as institui\u00e7\u00f5es de ensino superior europ\u00e9ias. Trata-se de um programa de mobilidade dirigido a estudantes, investigadores e pessoal docente.<\/p>\n<p>A inscri\u00e7\u00e3o deve ser realizada pelo site\u00a0<a title=\"blocked::http:\/\/mundus17.up.pt\/\" href=\"http:\/\/mundus17.up.pt\/\" target=\"_blank\">http:\/\/mundus17.up.pt<\/a>,\u00a0lembrando que \u00a0o candidato deve obter carta de apoio da Institui\u00e7\u00e3o e respeitar\u00a0as normas e crit\u00e9rios definidos pela Pr\u00f3-Reitoria de\u00a0Gradua\u00e7\u00e3o e\u00a0Pr\u00f3-Reitoria de P\u00f3s- Gradua\u00e7\u00e3o e Pesquisa da UNIFESP. Para estas e outras informa\u00e7\u00f5es acesse a p\u00e1gina da\u00a0Assessoria deAssuntos\u00a0Internacionais (<a title=\"blocked::http:\/\/www.unifesp.br\/reitoria\/orgaos\/assessorias\/assint).\" href=\"http:\/\/www.unifesp.br\/reitoria\/orgaos\/assessorias\/assint).\" target=\"_blank\">http:\/\/www.unifesp.br\/reitoria\/orgaos\/assessorias\/assint).<\/a><\/p>\n<p>Para o MUNDUS 17 podem se candidatar os estudantes de gradua\u00e7\u00e3o, que tenham conclu\u00eddo, com \u00eaxito, o primeiro ano de estudo. Os cursos: Pedagogia, Engenharia Qu\u00edmica, Medicina, Farm\u00e1cia e Bioqu\u00edmica, Enfermagem, Fisioterapia, Ci\u00eancias Biom\u00e9dicas, Educa\u00e7\u00e3o F\u00edsica, Nutri\u00e7\u00e3o, Psicologia, Ci\u00eancias Biol\u00f3gicas, Qu\u00edmica, Ci\u00eancias Sociais, Fonoaudiologia e Terapia Ocupacional.<\/p>\n<p>Al\u00e9m da inscri\u00e7\u00e3o feita pelo site,\u00a0\u00a0 o candidato tamb\u00e9m deve oter carta de apoio do coordenador do curso, no caso de estudantes de gradua\u00e7\u00e3o. Para os doutorandos e\u00a0 p\u00f3s-doutores tamb\u00e9m \u00e9 necess\u00e1rio ter o apoio do coordenador do programa de P\u00f3s \u2013Gradua\u00e7\u00e3o e estar vinculado a um programa nota 5, 6 ou 7 da Capes.\u00a0 As candidaturas enviadas ser\u00e3o classificadas nas universidades europ\u00e9ias conforme os crit\u00e9rios de avalia\u00e7\u00e3o determinados pelo Programa EM ECW e\u00a0 pelos Comit\u00eas Diretivos das Universidades.<\/p>\n<p>Normalmente, os cursos de gradua\u00e7\u00e3o s\u00e3o ministrados apenas no idioma nativo do pa\u00eds, portanto, \u00e9 solicitado o conhecimento desse idioma. No caso dos pesquisadores e p\u00f3s-graduandos \u00e9 preciso confirmar na \u2018Oferta Acad\u00eamica\u2019, disponibilizada no website.\u00a0O tempo de\u00a0 perman\u00eancia do interc\u00e2mbio \u00a0depende da categoria da bolsa , podendo variar de 6 a 34 meses no caso de doutorado completo<\/p>\n<p>Os candidatos (n\u00e3o somente os graduandos, mas tamb\u00e9m os pesquisadores e p\u00f3s-graduandos) devem escolher a institui\u00e7\u00e3o europ\u00e9ia\u00a0 em que desejam realizar seus estudos. No caso dos estudantes de gradua\u00e7\u00e3o, o curso a ser freq\u00fcentado no exterior deve ser o mesmo da UNIFESP. Vale ressaltar\u00a0que a UNIFESP tamb\u00e9m participa do<strong>Eramus\u00a0Mundus 15<\/strong>. Para esse projeto,\u00a0 as informa\u00e7\u00f5es estar\u00e3o dispon\u00edveis em meados de setembro.<\/p>\n<p>De acordo com o Programa MUNDUS\u00a017, para serem considerados eleg\u00edveis, os estudantes de UNIFESP devem ter nacionalidade brasileira, conhecimento suficiente da l\u00edngua de ensino da institui\u00e7\u00e3o europ\u00e9ia selecionada, ter completado com aprova\u00e7\u00e3o pelo menos um ano de estudos, optar por \u00e1reas de estudos eleg\u00edveis para o curso que freq\u00fcenta,\u00a0 entre outros requisitos que est\u00e3o dispon\u00edveis no site (gradua\u00e7\u00e3o, doutorado e p\u00f3s-doutorado e docentes).<\/p>\n<p>As bolsas ser\u00e3o pagas diretamente pela universidade coordenadora aos candidatos selecionados, \u00a0no\u00a0caso doMUNDUS 17, a Universidade do Porto. Al\u00e9m da bolsa mensal, os candidatos contemplados receber\u00e3o tamb\u00e9m \u00a0 passagens a\u00e9reas (ida e volta), \u00a0seguro sa\u00fade,\u00a0 viagem e acidentes pessoais\u00a0 e\u00a0 reembolso\u00a0 das despesas de visto.<\/p>\n<p><strong>Sobre a UNIFESP<\/strong><\/p>\n<p><strong> <\/strong><\/p>\n<p><em>Criada em 1933 por um grupo de m\u00e9dicos reunidos em uma sociedade sem fins lucrativos, a Escola Paulista de Medicina (EPM) foi federalizada em 1956 e, em 1994, transformada em Universidade Federal de S\u00e3o Paulo (UNIFESP), primeira universidade especializada em sa\u00fade no Pa\u00eds. Atualmente, com 18 mil alunos matriculados nos cursos de gradua\u00e7\u00e3o, p\u00f3s-gradua\u00e7\u00e3o e demais programas de p\u00f3s, a UNIFESP conta com 874 docentes, sendo que 93% possuem t\u00edtulo de doutor, um percentual que marca a qualidade de ensino oferecida por uma das universidades que mais cresce no Pa\u00eds.<\/em><\/p>\n","protected":false},"excerpt":{"rendered":"<p>Est\u00e3o abertas\u00a0at\u00e9 o dia 18 de setembro as inscri\u00e7\u00f5es para estudantes de gradua\u00e7\u00e3o, p\u00f3s-gradua\u00e7\u00e3o em n\u00edvel de doutorado, p\u00f3s-doutores e docentes interessados em candidatar-se a uma bolsa do Programa\u00a0Eramus Mundus, Projeto Mundus17. Os candidatos selecionados poder\u00e3o realizar estudos e atividades de pesquisa em uma das institui\u00e7\u00f5es europ\u00e9ias parceiras do Projeto, com as despesas de passagem [&hellip;]<\/p>\n","protected":false},"author":2,"featured_media":0,"comment_status":"open","ping_status":"open","sticky":false,"template":"","format":"standard","meta":{"tdm_status":"","tdm_grid_status":"","footnotes":""},"categories":[22],"tags":[],"class_list":{"0":"post-8864","1":"post","2":"type-post","3":"status-publish","4":"format-standard","6":"category-brasil"},"_links":{"self":[{"href":"https:\/\/migracao.redenoticia.com.br\/noticia\/wp-json\/wp\/v2\/posts\/8864","targetHints":{"allow":["GET"]}}],"collection":[{"href":"https:\/\/migracao.redenoticia.com.br\/noticia\/wp-json\/wp\/v2\/posts"}],"about":[{"href":"https:\/\/migracao.redenoticia.com.br\/noticia\/wp-json\/wp\/v2\/types\/post"}],"author":[{"embeddable":true,"href":"https:\/\/migracao.redenoticia.com.br\/noticia\/wp-json\/wp\/v2\/users\/2"}],"replies":[{"embeddable":true,"href":"https:\/\/migracao.redenoticia.com.br\/noticia\/wp-json\/wp\/v2\/comments?post=8864"}],"version-history":[{"count":0,"href":"https:\/\/migracao.redenoticia.com.br\/noticia\/wp-json\/wp\/v2\/posts\/8864\/revisions"}],"wp:attachment":[{"href":"https:\/\/migracao.redenoticia.com.br\/noticia\/wp-json\/wp\/v2\/media?parent=8864"}],"wp:term":[{"taxonomy":"category","embeddable":true,"href":"https:\/\/migracao.redenoticia.com.br\/noticia\/wp-json\/wp\/v2\/categories?post=8864"},{"taxonomy":"post_tag","embeddable":true,"href":"https:\/\/migracao.redenoticia.com.br\/noticia\/wp-json\/wp\/v2\/tags?post=8864"}],"curies":[{"name":"wp","href":"https:\/\/api.w.org\/{rel}","templated":true}]}}