{"id":88674,"date":"2016-06-22T10:01:34","date_gmt":"2016-06-22T13:01:34","guid":{"rendered":"http:\/\/www.redenoticia.com.br\/noticia\/?p=88674"},"modified":"2016-06-21T20:02:00","modified_gmt":"2016-06-21T23:02:00","slug":"mais-de-57-mil-alunos-no-vestibular-das-fatecs-em-3-de-julho","status":"publish","type":"post","link":"https:\/\/migracao.redenoticia.com.br\/noticia\/2016\/mais-de-57-mil-alunos-no-vestibular-das-fatecs-em-3-de-julho\/88674","title":{"rendered":"Mais de 57 mil alunos no Vestibular das Fatecs em 3 de julho"},"content":{"rendered":"<p>Mais de 57 mil candidatos v\u00e3o disputar as vagas oferecidas no vestibular do segundo semestre de 2016 das Faculdades de Tecnologia (<strong><em>Fatecs<\/em><\/strong>) do Estado de S\u00e3o Paulo. As provas ser\u00e3o no dia 3 de julho. Assim como nos dois \u00faltimos semestres, o curso de gradua\u00e7\u00e3o tecnol\u00f3gica de An\u00e1lise e Desenvolvimento de Sistemas (ADS) \u00e9 o mais concorrido. A Fatec Carapicu\u00edba tem o maior \u00edndice de candidatos por vaga &#8211; 13,25. O curso de ADS das Fatecs S\u00e3o Paulo (12,83 \u00e0 noite e 10,65 c\/v de manh\u00e3) e Zona Leste (12,50 c\/v), ambas na Capital, tamb\u00e9m est\u00e1 entre os dez mais concorridos.<\/p>\n<p>Quatro cursos do eixo Gest\u00e3o de Neg\u00f3cios integram a lista: Marketing, na Fatec Sebrae (12,74 c\/v), Com\u00e9rcio Exterior, na Fatec Barueri (11,05 c\/v), Gest\u00e3o Empresarial na modalidade a dist\u00e2ncia, na Fatec S\u00e3o Paulo (10,90 c\/v) e Gest\u00e3o Financeira (10,35 c\/v) na Fatec Osasco.<\/p>\n<p>Complementa a rela\u00e7\u00e3o o curso superior de tecnologia de Automa\u00e7\u00e3o Industrial das Fatecs Itaquera (11,88 c\/v) e S\u00e3o Bernardo do Campo (10,73 c\/v). A demanda por curso e unidade est\u00e1 dispon\u00edvel no site do .<\/p>\n<p>Do Portal do Governo do Estado SP<\/p>\n","protected":false},"excerpt":{"rendered":"<p>Mais de 57 mil candidatos v\u00e3o disputar as vagas oferecidas no vestibular do segundo semestre de 2016 das Faculdades de Tecnologia (Fatecs) do Estado de S\u00e3o Paulo. As provas ser\u00e3o no dia 3 de julho. Assim como nos dois \u00faltimos semestres, o curso de gradua\u00e7\u00e3o tecnol\u00f3gica de An\u00e1lise e Desenvolvimento de Sistemas (ADS) \u00e9 o [&hellip;]<\/p>\n","protected":false},"author":2,"featured_media":36244,"comment_status":"open","ping_status":"closed","sticky":false,"template":"","format":"standard","meta":{"tdm_status":"","tdm_grid_status":"","footnotes":""},"categories":[22,370,295],"tags":[],"class_list":{"0":"post-88674","1":"post","2":"type-post","3":"status-publish","4":"format-standard","5":"has-post-thumbnail","7":"category-brasil","8":"category-inscricao","9":"category-vestibular"},"_links":{"self":[{"href":"https:\/\/migracao.redenoticia.com.br\/noticia\/wp-json\/wp\/v2\/posts\/88674","targetHints":{"allow":["GET"]}}],"collection":[{"href":"https:\/\/migracao.redenoticia.com.br\/noticia\/wp-json\/wp\/v2\/posts"}],"about":[{"href":"https:\/\/migracao.redenoticia.com.br\/noticia\/wp-json\/wp\/v2\/types\/post"}],"author":[{"embeddable":true,"href":"https:\/\/migracao.redenoticia.com.br\/noticia\/wp-json\/wp\/v2\/users\/2"}],"replies":[{"embeddable":true,"href":"https:\/\/migracao.redenoticia.com.br\/noticia\/wp-json\/wp\/v2\/comments?post=88674"}],"version-history":[{"count":0,"href":"https:\/\/migracao.redenoticia.com.br\/noticia\/wp-json\/wp\/v2\/posts\/88674\/revisions"}],"wp:featuredmedia":[{"embeddable":true,"href":"https:\/\/migracao.redenoticia.com.br\/noticia\/wp-json\/wp\/v2\/media\/36244"}],"wp:attachment":[{"href":"https:\/\/migracao.redenoticia.com.br\/noticia\/wp-json\/wp\/v2\/media?parent=88674"}],"wp:term":[{"taxonomy":"category","embeddable":true,"href":"https:\/\/migracao.redenoticia.com.br\/noticia\/wp-json\/wp\/v2\/categories?post=88674"},{"taxonomy":"post_tag","embeddable":true,"href":"https:\/\/migracao.redenoticia.com.br\/noticia\/wp-json\/wp\/v2\/tags?post=88674"}],"curies":[{"name":"wp","href":"https:\/\/api.w.org\/{rel}","templated":true}]}}