{"id":8875,"date":"2009-08-17T10:59:48","date_gmt":"2009-08-17T14:59:48","guid":{"rendered":"http:\/\/www.redenoticia.com.br\/noticia\/?p=8875"},"modified":"2009-08-17T10:59:48","modified_gmt":"2009-08-17T14:59:48","slug":"lato-sensu-em-gestao-publica-na-metodista-esta-com-inscricoes-abertas","status":"publish","type":"post","link":"https:\/\/migracao.redenoticia.com.br\/noticia\/2009\/lato-sensu-em-gestao-publica-na-metodista-esta-com-inscricoes-abertas\/8875","title":{"rendered":"Lato Sensu em Gest\u00e3o P\u00fablica na Metodista  est\u00e1 com inscri\u00e7\u00f5es abertas"},"content":{"rendered":"<p>O curso de P\u00f3s-Gradua\u00e7\u00e3o Lato Sensu em Gest\u00e3o de Pol\u00edticas P\u00fablicas Integradas para Inf\u00e2ncia e Adolesc\u00eancia da Universidade Metodista de S\u00e3o Paulo recebe pr\u00e9-matr\u00edculas at\u00e9 a pr\u00f3xima segunda-feira, 17 de agosto. As inscri\u00e7\u00f5es podem ser feitas via Internet (<a title=\"http:\/\/www.metodista.br\/lato\/gestao-de-politicas-publicas-integradas-para-infancia-e-adolescencia\" href=\"http:\/\/www.metodista.br\/lato\/gestao-de-politicas-publicas-integradas-para-infancia-e-adolescencia\" target=\"_blank\">http:\/\/www.metodista.br\/lato\/gestao-de-politicas-publicas-integradas-para-infancia-e-adolescencia<\/a>).<\/p>\n<p>O curso capacita e habilita profissionais que atuem nas \u00e1reas de formula\u00e7\u00e3o e execu\u00e7\u00e3o de pol\u00edticas p\u00fablicas para crian\u00e7as e adolescentes, com perspectiva de garantia de direitos e gest\u00e3o participativa.<\/p>\n<p>A efetiva\u00e7\u00e3o da matr\u00edcula ser\u00e1 considerada ap\u00f3s a entrega dos documentos (confira a lista abaixo), na Secretaria de P\u00f3s-Gradua\u00e7\u00e3o da Universidade, e pagamento correspondente \u00e0 inscri\u00e7\u00e3o. Mais informa\u00e7\u00f5es pelos telefones (11) 4366-5000 ou (11) 4366-5571 ou pelo e-mail<a title=\"mailto:latosensu@metodista.br\" href=\"mailto:latosensu@metodista.br\" target=\"_blank\">latosensu@metodista.br<\/a><\/p>\n<p><strong> Documentos necess\u00e1rios para Pr\u00e9-Matr\u00edcula:<\/strong><br \/>\n\u2022 Diploma de Gradua\u00e7\u00e3o ou de Curso Superior devidamente registrado (01 c\u00f3pia autenticada);<br \/>\n\u2022 Hist\u00f3rico Escolar (01 c\u00f3pia autenticada);<br \/>\n\u2022 RG (ou Carteira de Identidade da OAB) e para candidatos estrangeiros o RNE (01 c\u00f3pia autenticada);<br \/>\n\u2022 CPF (01 c\u00f3pia autenticada);<br \/>\n\u2022\u00a0<em>Curriculum Vitae<\/em> (01 c\u00f3pia);<br \/>\n\u2022 Comprovante de endere\u00e7o (01 c\u00f3pia);<br \/>\n\u2022 01 Foto 3&#215;4;<br \/>\n\u2022 Formul\u00e1rio de Pr\u00e9-Matr\u00edcula e Termo de Ades\u00e3o devidamente datado e assinado.<\/p>\n<p><strong>Secretaria de P\u00f3s-Gradua\u00e7\u00e3o da Metodista:<\/strong> Edif\u00edcio Capa, sala C-303, Campus Rudge Ramos (Rua Alfeu Tavares, 149, Rudge Ramos, S\u00e3o Bernardo do Campo \u2013 SP).<\/p>\n<p><strong>Hor\u00e1rio<\/strong>: De segunda a sexta-feira, das 12h \u00e0s 21h30.<\/p>\n","protected":false},"excerpt":{"rendered":"<p>O curso de P\u00f3s-Gradua\u00e7\u00e3o Lato Sensu em Gest\u00e3o de Pol\u00edticas P\u00fablicas Integradas para Inf\u00e2ncia e Adolesc\u00eancia da Universidade Metodista de S\u00e3o Paulo recebe pr\u00e9-matr\u00edculas at\u00e9 a pr\u00f3xima segunda-feira, 17 de agosto. As inscri\u00e7\u00f5es podem ser feitas via Internet (http:\/\/www.metodista.br\/lato\/gestao-de-politicas-publicas-integradas-para-infancia-e-adolescencia). O curso capacita e habilita profissionais que atuem nas \u00e1reas de formula\u00e7\u00e3o e execu\u00e7\u00e3o de pol\u00edticas [&hellip;]<\/p>\n","protected":false},"author":2,"featured_media":0,"comment_status":"open","ping_status":"open","sticky":false,"template":"","format":"standard","meta":{"tdm_status":"","tdm_grid_status":"","footnotes":""},"categories":[22],"tags":[],"class_list":{"0":"post-8875","1":"post","2":"type-post","3":"status-publish","4":"format-standard","6":"category-brasil"},"_links":{"self":[{"href":"https:\/\/migracao.redenoticia.com.br\/noticia\/wp-json\/wp\/v2\/posts\/8875","targetHints":{"allow":["GET"]}}],"collection":[{"href":"https:\/\/migracao.redenoticia.com.br\/noticia\/wp-json\/wp\/v2\/posts"}],"about":[{"href":"https:\/\/migracao.redenoticia.com.br\/noticia\/wp-json\/wp\/v2\/types\/post"}],"author":[{"embeddable":true,"href":"https:\/\/migracao.redenoticia.com.br\/noticia\/wp-json\/wp\/v2\/users\/2"}],"replies":[{"embeddable":true,"href":"https:\/\/migracao.redenoticia.com.br\/noticia\/wp-json\/wp\/v2\/comments?post=8875"}],"version-history":[{"count":0,"href":"https:\/\/migracao.redenoticia.com.br\/noticia\/wp-json\/wp\/v2\/posts\/8875\/revisions"}],"wp:attachment":[{"href":"https:\/\/migracao.redenoticia.com.br\/noticia\/wp-json\/wp\/v2\/media?parent=8875"}],"wp:term":[{"taxonomy":"category","embeddable":true,"href":"https:\/\/migracao.redenoticia.com.br\/noticia\/wp-json\/wp\/v2\/categories?post=8875"},{"taxonomy":"post_tag","embeddable":true,"href":"https:\/\/migracao.redenoticia.com.br\/noticia\/wp-json\/wp\/v2\/tags?post=8875"}],"curies":[{"name":"wp","href":"https:\/\/api.w.org\/{rel}","templated":true}]}}