{"id":88777,"date":"2016-06-23T10:37:53","date_gmt":"2016-06-23T13:37:53","guid":{"rendered":"http:\/\/www.redenoticia.com.br\/noticia\/?p=88777"},"modified":"2016-06-22T20:39:46","modified_gmt":"2016-06-22T23:39:46","slug":"ministerio-da-saude-confirma-35-casos-de-microcefalia-em-uma-semana","status":"publish","type":"post","link":"https:\/\/migracao.redenoticia.com.br\/noticia\/2016\/ministerio-da-saude-confirma-35-casos-de-microcefalia-em-uma-semana\/88777","title":{"rendered":"Minist\u00e9rio da Sa\u00fade confirma 35 casos de microcefalia em uma semana"},"content":{"rendered":"<p> O Minist\u00e9rio da Sa\u00fade confirmou o diagn\u00f3stico de <strong><em>microcefalia<\/em><\/strong> e outras altera\u00e7\u00f5es no sistema nervoso em 35 beb\u00eas na \u00faltima semana, todos sugestivos de terem sido causados por infec\u00e7\u00e3o cong\u00eanita. Ao todo, agora s\u00e3o 1.616 casos registrados de outubro do ano passado at\u00e9 o dia 18 de junho.<\/p>\n<p>Segundo a pasta, h\u00e1 3.007 beb\u00eas com suspeita de malforma\u00e7\u00f5es que  ainda n\u00e3o tiveram os exames conclu\u00eddos para diagn\u00f3stico preciso. S\u00e3o 40 casos a menos sem diagn\u00f3stico conclusivo, considerando os dados do boletim anterior.<\/p>\n<p>Dos casos confirmados, 233 tiveram exames laboratoriais comprovando que foram causados pelo v\u00edrus Zika. Entretanto, para o Minist\u00e9rio da Sa\u00fade, esse n\u00famero n\u00e3o reflete a realidade. Para a pasta, a maior parte dos casos confirmados foi causada pelo Zika, mas, por dificuldades de diagnosticar a doen\u00e7a, a situa\u00e7\u00e3o n\u00e3o foi comprovada em laborat\u00f3rio.<\/p>\n<p> O novo boletim descartou 3.416 casos que eram considerado suspeitos porque os exames n\u00e3o revelaram anormalidade, porque as malforma\u00e7\u00f5es foram confirmadas por causas n\u00e3o infecciosas ou n\u00e3o se enquadraram na defini\u00e7\u00e3o de caso. Entre o boletim anterior e o divulgado hoje, 108 casos foram descartados.<\/p>\n<p>No total, houve registro de suspeita de microcefalia em 8.039 beb\u00eas, dos quais 1.616 foram confirmados, 3.416, descartados e 3.007 continuam sendo investigados. Todos os estados e o Distrito Federal t\u00eam casos confirmados,  a maior parte (1.410) registrada no Nordeste. A Regi\u00e3o Sudeste tem 98 confirma\u00e7\u00f5es, cinco a mais do que na \u00faltima semana.<\/p>\n<p>Zika<\/p>\n<p>Transmitido pelo mosquito Aedes aegypti, o v\u00edrus Zika come\u00e7ou a circular no Brasil entre 2013 e 2014, mas os primeiros registros foram feitos pelo Minist\u00e9rio da Sa\u00fade em maio de 2015. O que se sabia sobre a doen\u00e7a, at\u00e9 o segundo semestre do ano passado, era que sua evolu\u00e7\u00e3o costumava ser benigna e que os sintomas, geralmente manchas vermelhas no corpo, fadiga, dores nas articula\u00e7\u00f5es e conjuntivite, al\u00e9m de febre baixa, eram mais leves do que os da dengue e da febre chikungunya, tamb\u00e9m transmitidas pelo Aedes aegipty.<\/p>\n<p>Por\u00e9m, em outubro de 2015, pesquisadores identificaram a presen\u00e7a do v\u00edrus no l\u00edquido amni\u00f3tico de um beb\u00ea com microcefalia. Em 28 de novembro, o Minist\u00e9rio da Sa\u00fade confirmou que, quando gestantes s\u00e3o infectadas pelo v\u00edrus, podem gerar crian\u00e7as com microcefalia, uma malforma\u00e7\u00e3o irrevers\u00edvel do c\u00e9rebro que pode vir associada a danos mentais, visuais e auditivos. Pesquisadores confirmaram que a S\u00edndrome de Guillain-Barr\u00e9 tamb\u00e9m pode ser ocasionada pelo Zika.<\/p>\n<p>A microcefalia pode ter como causa diversos agentes infecciosos, al\u00e9m do Zika, como s\u00edfilis, toxoplasmose, rub\u00e9ola, citomegalov\u00edrus e herpes viral.<\/p>\n<p>Aline Leal \u2013 Rep\u00f3rter da Ag\u00eancia Brasil<br \/>\nEdi\u00e7\u00e3o: N\u00e1dia Franco<br \/>\n23\/06\/2016<\/p>\n","protected":false},"excerpt":{"rendered":"<p>O Minist\u00e9rio da Sa\u00fade confirmou o diagn\u00f3stico de microcefalia e outras altera\u00e7\u00f5es no sistema nervoso em 35 beb\u00eas na \u00faltima semana, todos sugestivos de terem sido causados por infec\u00e7\u00e3o cong\u00eanita. Ao todo, agora s\u00e3o 1.616 casos registrados de outubro do ano passado at\u00e9 o dia 18 de junho. Segundo a pasta, h\u00e1 3.007 beb\u00eas com [&hellip;]<\/p>\n","protected":false},"author":2,"featured_media":57579,"comment_status":"open","ping_status":"closed","sticky":false,"template":"","format":"standard","meta":{"tdm_status":"","tdm_grid_status":"","footnotes":""},"categories":[22,5],"tags":[],"class_list":{"0":"post-88777","1":"post","2":"type-post","3":"status-publish","4":"format-standard","5":"has-post-thumbnail","7":"category-brasil","8":"category-saude-e-vida"},"_links":{"self":[{"href":"https:\/\/migracao.redenoticia.com.br\/noticia\/wp-json\/wp\/v2\/posts\/88777","targetHints":{"allow":["GET"]}}],"collection":[{"href":"https:\/\/migracao.redenoticia.com.br\/noticia\/wp-json\/wp\/v2\/posts"}],"about":[{"href":"https:\/\/migracao.redenoticia.com.br\/noticia\/wp-json\/wp\/v2\/types\/post"}],"author":[{"embeddable":true,"href":"https:\/\/migracao.redenoticia.com.br\/noticia\/wp-json\/wp\/v2\/users\/2"}],"replies":[{"embeddable":true,"href":"https:\/\/migracao.redenoticia.com.br\/noticia\/wp-json\/wp\/v2\/comments?post=88777"}],"version-history":[{"count":0,"href":"https:\/\/migracao.redenoticia.com.br\/noticia\/wp-json\/wp\/v2\/posts\/88777\/revisions"}],"wp:featuredmedia":[{"embeddable":true,"href":"https:\/\/migracao.redenoticia.com.br\/noticia\/wp-json\/wp\/v2\/media\/57579"}],"wp:attachment":[{"href":"https:\/\/migracao.redenoticia.com.br\/noticia\/wp-json\/wp\/v2\/media?parent=88777"}],"wp:term":[{"taxonomy":"category","embeddable":true,"href":"https:\/\/migracao.redenoticia.com.br\/noticia\/wp-json\/wp\/v2\/categories?post=88777"},{"taxonomy":"post_tag","embeddable":true,"href":"https:\/\/migracao.redenoticia.com.br\/noticia\/wp-json\/wp\/v2\/tags?post=88777"}],"curies":[{"name":"wp","href":"https:\/\/api.w.org\/{rel}","templated":true}]}}