{"id":8878,"date":"2009-08-17T11:01:44","date_gmt":"2009-08-17T15:01:44","guid":{"rendered":"http:\/\/www.redenoticia.com.br\/noticia\/?p=8878"},"modified":"2009-08-17T11:01:44","modified_gmt":"2009-08-17T15:01:44","slug":"abertas-inscricoes-para-v-premio-nacional-cen-aids-no-mundo-do-trabalho","status":"publish","type":"post","link":"https:\/\/migracao.redenoticia.com.br\/noticia\/2009\/abertas-inscricoes-para-v-premio-nacional-cen-aids-no-mundo-do-trabalho\/8878","title":{"rendered":"Abertas inscri\u00e7\u00f5es para V Pr\u00eamio Nacional CEN AIDS no Mundo do Trabalho"},"content":{"rendered":"<p>Pelo quinto ano, o Conselho Empresarial Nacional para preven\u00e7\u00e3o ao HIV\/AIDS realiza o\u00a0<strong>Pr\u00eamio Nacional CEN AIDS no Mundo do Trabalho<\/strong>. A premia\u00e7\u00e3o foi criada para reconhecer, incentivar e divulgar as a\u00e7\u00f5es preventivas em DST\/AIDS realizadas por empresas de diferentes portes e ramos de atividades.<\/p>\n<p>At\u00e9 o dia 4 de setembro de 2009, qualquer empresa do pa\u00eds pode enviar a ficha de inscri\u00e7\u00e3o e o trabalho realizado para participar do concurso. S\u00e3o quatro categorias de diferentes portes que podem participar: micro (at\u00e9 19 trabalhadores); pequenas (at\u00e9 99 trabalhadores); m\u00e9dias (at\u00e9 499 trabalhadores) e grandes empresas (acima de 500 trabalhadores). Os resultados ser\u00e3o divulgados no dia 18 de setembro e a premia\u00e7\u00e3o acontecer\u00e1 dia 6 de outubro. O regulamento e a ficha de inscri\u00e7\u00e3o est\u00e3o dispon\u00edveis no site:\u00a0<a href=\"http:\/\/www.cenaids.com.br\/\" target=\"_blank\">www.cenaids.com.br<\/a>.<\/p>\n<p>A Organiza\u00e7\u00e3o Mundial da Sa\u00fade e a Organiza\u00e7\u00e3o Internacional do Trabalho recomendam que se elabore e se operacionalize programas de preven\u00e7\u00e3o \u00e0 AIDS nos locais de trabalho, com o objetivo de promover uma a\u00e7\u00e3o sistem\u00e1tica e eficaz frente ao HIV\/AIDS, prevenindo e gerenciando o seu impacto no local de trabalho, criando um ambiente laboral sem discrimina\u00e7\u00e3o ao portador do HIV e ao doente de AIDS, como forma de contribuir no enfrentamento desse grave problema social, que \u00e9 a epidemia de AIDS.<\/p>\n<p><strong>AIDS no Brasil e no Mundo<\/strong><\/p>\n<p>De 1980 a junho de 2007 foram notificados 474.273 casos de AIDS no Pa\u00eds.\u00a0Entre o total de casos notificados, 94,1% ocorrem na faixa et\u00e1ria de 16 e 59 anos de idade, o que corresponde ao segmento et\u00e1rio com maior potencial produtivo.<\/p>\n<p>Conforme o relat\u00f3rio anual do Programa Conjunto das Na\u00e7\u00f5es Unidas sobre HIV\/AIDS existem no mundo aproximadamente 33 milh\u00f5es de pessoas vivendo com HIV\/AIDS. A \u00c1frica Subsaariana \u00e9 a \u00e1rea mais afetada, com aproximadamente dois ter\u00e7os do total mundial (22,5 milh\u00f5es de pessoas com o HIV); desse n\u00famero tr\u00eas quartos s\u00e3o do sexo feminino. A regi\u00e3o tamb\u00e9m concentra 76% das mortes pela doen\u00e7a.<\/p>\n<p><strong>CEN AIDS<\/strong><\/p>\n<p>O Conselho Empresarial Nacional para preven\u00e7\u00e3o ao HIV\/AIDS (CEN AIDS) foi criado em outubro de 1998 pelo Minist\u00e9rio da Sa\u00fade, \u00e9 o resultado da uni\u00e3o de objetivos p\u00fablicos e privados, para promover e fortalecer a resposta \u00e0 epidemia no local de trabalho. O CEN AIDS conta ainda com o apoio do<\/p>\n","protected":false},"excerpt":{"rendered":"<p>Pelo quinto ano, o Conselho Empresarial Nacional para preven\u00e7\u00e3o ao HIV\/AIDS realiza o\u00a0Pr\u00eamio Nacional CEN AIDS no Mundo do Trabalho. A premia\u00e7\u00e3o foi criada para reconhecer, incentivar e divulgar as a\u00e7\u00f5es preventivas em DST\/AIDS realizadas por empresas de diferentes portes e ramos de atividades. At\u00e9 o dia 4 de setembro de 2009, qualquer empresa do [&hellip;]<\/p>\n","protected":false},"author":2,"featured_media":0,"comment_status":"open","ping_status":"open","sticky":false,"template":"","format":"standard","meta":{"tdm_status":"","tdm_grid_status":"","footnotes":""},"categories":[22,5],"tags":[],"class_list":{"0":"post-8878","1":"post","2":"type-post","3":"status-publish","4":"format-standard","6":"category-brasil","7":"category-saude-e-vida"},"_links":{"self":[{"href":"https:\/\/migracao.redenoticia.com.br\/noticia\/wp-json\/wp\/v2\/posts\/8878","targetHints":{"allow":["GET"]}}],"collection":[{"href":"https:\/\/migracao.redenoticia.com.br\/noticia\/wp-json\/wp\/v2\/posts"}],"about":[{"href":"https:\/\/migracao.redenoticia.com.br\/noticia\/wp-json\/wp\/v2\/types\/post"}],"author":[{"embeddable":true,"href":"https:\/\/migracao.redenoticia.com.br\/noticia\/wp-json\/wp\/v2\/users\/2"}],"replies":[{"embeddable":true,"href":"https:\/\/migracao.redenoticia.com.br\/noticia\/wp-json\/wp\/v2\/comments?post=8878"}],"version-history":[{"count":0,"href":"https:\/\/migracao.redenoticia.com.br\/noticia\/wp-json\/wp\/v2\/posts\/8878\/revisions"}],"wp:attachment":[{"href":"https:\/\/migracao.redenoticia.com.br\/noticia\/wp-json\/wp\/v2\/media?parent=8878"}],"wp:term":[{"taxonomy":"category","embeddable":true,"href":"https:\/\/migracao.redenoticia.com.br\/noticia\/wp-json\/wp\/v2\/categories?post=8878"},{"taxonomy":"post_tag","embeddable":true,"href":"https:\/\/migracao.redenoticia.com.br\/noticia\/wp-json\/wp\/v2\/tags?post=8878"}],"curies":[{"name":"wp","href":"https:\/\/api.w.org\/{rel}","templated":true}]}}