{"id":88828,"date":"2016-06-23T19:49:53","date_gmt":"2016-06-23T22:49:53","guid":{"rendered":"http:\/\/www.redenoticia.com.br\/noticia\/?p=88828"},"modified":"2016-06-23T17:55:18","modified_gmt":"2016-06-23T20:55:18","slug":"novela-sila-resumo-2406-narin-se-recusa-a-voltar-para-casa-dos-pais","status":"publish","type":"post","link":"https:\/\/migracao.redenoticia.com.br\/noticia\/2016\/novela-sila-resumo-2406-narin-se-recusa-a-voltar-para-casa-dos-pais\/88828","title":{"rendered":"Novela \u201cSila\u201d resumo 24\/06: Narin se recusa a voltar para casa dos pais"},"content":{"rendered":"<p> <img loading=\"lazy\" decoding=\"async\" class=\"alignleft size-thumbnail wp-image-83098\" src=\"https:\/\/migracao.redenoticia.com.br\/noticia\/imagens\/sila_band_novela_resumo_capitulo-150x112.jpg\" alt=\"sila_band_novela_resumo_capitulo\" width=\"150\" height=\"112\" srcset=\"https:\/\/migracao.redenoticia.com.br\/noticia\/imagens\/sila_band_novela_resumo_capitulo-150x112.jpg 150w, https:\/\/migracao.redenoticia.com.br\/noticia\/imagens\/sila_band_novela_resumo_capitulo-265x198.jpg 265w\" sizes=\"auto, (max-width: 150px) 100vw, 150px\" \/><strong><em> Novela \u201cSila\u201d resumo 24\/06<\/em><\/strong>: Bedar e Celil descobrem que ter\u00e3o um neto. Os l\u00edderes do cl\u00e3 decidem suspender a senten\u00e7a de Narin, j\u00e1 que agora ela \u00e9 uma vi\u00fava. Narin se emociona ao ver um v\u00eddeo de Azad. Os pais de Narin v\u00e3o busc\u00e1-la na casa de Bedar, mas ela se recusa a voltar para casa. <\/p>\n<p>No capitulo 076(*), novela \u201cSila\u201d, sexta-feira, 24 de junho &#8211; Narin conta a Sila e Boran sobre a gravidez. Boran convida Narin para jantar. Narin come\u00e7a a trabalhar com Sila no mesmo escrit\u00f3rio onde Azad trabalhava. Boran e Sila discutem sobre fechar ou n\u00e3o a f\u00e1brica. Bedar e Celil descobrem que ter\u00e3o um neto. Os l\u00edderes do cl\u00e3 decidem suspender a senten\u00e7a de Narin, j\u00e1 que agora ela \u00e9 uma vi\u00fava. Narin se emociona ao ver um v\u00eddeo de Azad. Os pais de Narin v\u00e3o busc\u00e1-la na casa de Bedar, mas ela se recusa a voltar para casa. Mahmut procura Boran para tentar desfazer o acordo de casamento. Dihan fala com Esma e a esposa escuta. Boran consegue desfazer o acordo de casamento, mas Sila p\u00f5e tudo a perder. <\/p>\n<p> Sila entra em desespero e precisa de atendimento m\u00e9dico. Dihan descobre que Sila ajudou um casal a fugir de Mardin. Boran se irrita com os chefes do cl\u00e3 que insistem em insultar Sila. Boran planeja fugir com Sila para outro pa\u00eds.<\/p>\n<p> Bedar chora sobre o t\u00famulo de Azad. Sila decide ir embora sozinha e passa o controle dos neg\u00f3cios para Celil e Narin. Dihan amea\u00e7a Sila durante uma festa na casa de Firuz. Sila come\u00e7a a sentir contra\u00e7\u00f5es, mas vai para o aeroporto para fugir de Mardin.<\/p>\n<p>(*) edi\u00e7\u00e3o da Band, Novela \u201cSila\u201d, sujeito a altera\u00e7\u00e3o de data e conte\u00fado.<\/p>\n","protected":false},"excerpt":{"rendered":"<p>Novela \u201cSila\u201d resumo 24\/06: Bedar e Celil descobrem que ter\u00e3o um neto. Os l\u00edderes do cl\u00e3 decidem suspender a senten\u00e7a de Narin, j\u00e1 que agora ela \u00e9 uma vi\u00fava. Narin se emociona ao ver um v\u00eddeo de Azad. Os pais de Narin v\u00e3o busc\u00e1-la na casa de Bedar, mas ela se recusa a voltar para [&hellip;]<\/p>\n","protected":false},"author":2,"featured_media":83098,"comment_status":"open","ping_status":"closed","sticky":false,"template":"","format":"standard","meta":{"tdm_status":"","tdm_grid_status":"","footnotes":""},"categories":[390,379,343],"tags":[441],"class_list":{"0":"post-88828","1":"post","2":"type-post","3":"status-publish","4":"format-standard","5":"has-post-thumbnail","7":"category-band","8":"category-novelas","9":"category-televisao","10":"tag-resumo-do-dia"},"_links":{"self":[{"href":"https:\/\/migracao.redenoticia.com.br\/noticia\/wp-json\/wp\/v2\/posts\/88828","targetHints":{"allow":["GET"]}}],"collection":[{"href":"https:\/\/migracao.redenoticia.com.br\/noticia\/wp-json\/wp\/v2\/posts"}],"about":[{"href":"https:\/\/migracao.redenoticia.com.br\/noticia\/wp-json\/wp\/v2\/types\/post"}],"author":[{"embeddable":true,"href":"https:\/\/migracao.redenoticia.com.br\/noticia\/wp-json\/wp\/v2\/users\/2"}],"replies":[{"embeddable":true,"href":"https:\/\/migracao.redenoticia.com.br\/noticia\/wp-json\/wp\/v2\/comments?post=88828"}],"version-history":[{"count":0,"href":"https:\/\/migracao.redenoticia.com.br\/noticia\/wp-json\/wp\/v2\/posts\/88828\/revisions"}],"wp:featuredmedia":[{"embeddable":true,"href":"https:\/\/migracao.redenoticia.com.br\/noticia\/wp-json\/wp\/v2\/media\/83098"}],"wp:attachment":[{"href":"https:\/\/migracao.redenoticia.com.br\/noticia\/wp-json\/wp\/v2\/media?parent=88828"}],"wp:term":[{"taxonomy":"category","embeddable":true,"href":"https:\/\/migracao.redenoticia.com.br\/noticia\/wp-json\/wp\/v2\/categories?post=88828"},{"taxonomy":"post_tag","embeddable":true,"href":"https:\/\/migracao.redenoticia.com.br\/noticia\/wp-json\/wp\/v2\/tags?post=88828"}],"curies":[{"name":"wp","href":"https:\/\/api.w.org\/{rel}","templated":true}]}}