{"id":8888,"date":"2009-08-17T11:30:09","date_gmt":"2009-08-17T15:30:09","guid":{"rendered":"http:\/\/www.redenoticia.com.br\/noticia\/?p=8888"},"modified":"2009-08-17T11:30:09","modified_gmt":"2009-08-17T15:30:09","slug":"climatempo-alerta-que-frente-fria-avanca-para-sao-paulo","status":"publish","type":"post","link":"https:\/\/migracao.redenoticia.com.br\/noticia\/2009\/climatempo-alerta-que-frente-fria-avanca-para-sao-paulo\/8888","title":{"rendered":"Climatempo alerta que frente fria avan\u00e7a para S\u00e3o Paulo"},"content":{"rendered":"<p>Uma frente fria est\u00e1 avan\u00e7ando hoje para o Sul do Brasil e ter\u00e1 o refor\u00e7o de \u00e1reas de instabilidade ao longo da semana, de acordo com a Climatempo Meteorologia. Na quarta-feira a frente fria chega a S\u00e3o Paulo e aumenta a umidade na capital e no litoral. A partir da tarde voltam a ocorrer pancadas de chuva, que se estendem pela quinta-feira. Segundo a Climatempo h\u00e1 possibilidade de chuva forte. Na sexta-feira, as condi\u00e7\u00f5es de chuva diminuem.<\/p>\n<p>Os \u00faltimos dias t\u00eam sido de ar seco no Estado de S\u00e3o Paulo. Na \u00faltima sexta-feira, 14 de agosto, a capital paulista entrou em estado de emerg\u00eancia por conta da baixa umidade, que chegou a apenas 10% na esta\u00e7\u00e3o do Mirante de Santana, na Zona Norte da cidade. Para a Climatempo, o fim de semana foi de c\u00e9u azul e calor \u00e0 tarde, ideal para passeios. Mas, principalmente para as pessoas que j\u00e1 t\u00eam problemas respirat\u00f3rios, a baixa umidade provoca um grande desconforto e muitos ficam torcendo para que tenha um pouco de chuva nesta \u00e9poca.<\/p>\n<p>Sobre o Grupo Climatempo<br \/>\nO Grupo Climatempo \u00e9 a maior empresa privada de meteorologia do pa\u00eds. Uma holding formada pela Climatempo Consultoria, Ag\u00eancia Climatempo, a TV Climatempo e a CLIMANET (Internet, servi\u00e7os de tecnologia e inform\u00e1tica). Atualmente, o Grupo Climatempo fornece conte\u00fado para os principais portais do pa\u00eds, mais de 50 retransmissoras de televis\u00e3o do Brasil, r\u00e1dios e tem cerca de mil clientes. Os dois principais segmentos atendidos s\u00e3o o de agroneg\u00f3cios e meios de comunica\u00e7\u00e3o. Al\u00e9m destes, fornece conte\u00fado meteorol\u00f3gico estrat\u00e9gico para produtoras, a ind\u00fastria eletroeletr\u00f4nica e t\u00eaxtil, com\u00e9rcio, moda e turismo, constru\u00e7\u00e3o civil, setor de energia, entre outros setores.<\/p>\n<p>O Grupo \u00e9 presidido pelo meteorologista Carlos Magno, um dos primeiros comunicadores da profiss\u00e3o no Pa\u00eds, com mais de 23 anos de carreira, que ajudou a mudar a cultura que o brasileiro tinha sobre a meteorologia. O Grupo Climatempo conta ainda com Ana L\u00facia Frony vice-presidente, Renato Urbinder, s\u00f3cio-diretor (Diretor de Neg\u00f3cios e Projetos Especiais), e os diretores executivos Gilca Palma (Climatempo Meteorologia), Andr\u00e9 Madeira (Ag\u00eancia Climatempo) e o jornalista Paulo Polli (TV Climatempo) no Conselho Consultivo.<\/p>\n","protected":false},"excerpt":{"rendered":"<p>Uma frente fria est\u00e1 avan\u00e7ando hoje para o Sul do Brasil e ter\u00e1 o refor\u00e7o de \u00e1reas de instabilidade ao longo da semana, de acordo com a Climatempo Meteorologia. Na quarta-feira a frente fria chega a S\u00e3o Paulo e aumenta a umidade na capital e no litoral. A partir da tarde voltam a ocorrer pancadas [&hellip;]<\/p>\n","protected":false},"author":3,"featured_media":0,"comment_status":"open","ping_status":"open","sticky":false,"template":"","format":"standard","meta":{"tdm_status":"","tdm_grid_status":"","footnotes":""},"categories":[22,327],"tags":[],"class_list":{"0":"post-8888","1":"post","2":"type-post","3":"status-publish","4":"format-standard","6":"category-brasil","7":"category-clima"},"_links":{"self":[{"href":"https:\/\/migracao.redenoticia.com.br\/noticia\/wp-json\/wp\/v2\/posts\/8888","targetHints":{"allow":["GET"]}}],"collection":[{"href":"https:\/\/migracao.redenoticia.com.br\/noticia\/wp-json\/wp\/v2\/posts"}],"about":[{"href":"https:\/\/migracao.redenoticia.com.br\/noticia\/wp-json\/wp\/v2\/types\/post"}],"author":[{"embeddable":true,"href":"https:\/\/migracao.redenoticia.com.br\/noticia\/wp-json\/wp\/v2\/users\/3"}],"replies":[{"embeddable":true,"href":"https:\/\/migracao.redenoticia.com.br\/noticia\/wp-json\/wp\/v2\/comments?post=8888"}],"version-history":[{"count":0,"href":"https:\/\/migracao.redenoticia.com.br\/noticia\/wp-json\/wp\/v2\/posts\/8888\/revisions"}],"wp:attachment":[{"href":"https:\/\/migracao.redenoticia.com.br\/noticia\/wp-json\/wp\/v2\/media?parent=8888"}],"wp:term":[{"taxonomy":"category","embeddable":true,"href":"https:\/\/migracao.redenoticia.com.br\/noticia\/wp-json\/wp\/v2\/categories?post=8888"},{"taxonomy":"post_tag","embeddable":true,"href":"https:\/\/migracao.redenoticia.com.br\/noticia\/wp-json\/wp\/v2\/tags?post=8888"}],"curies":[{"name":"wp","href":"https:\/\/api.w.org\/{rel}","templated":true}]}}