{"id":8890,"date":"2009-08-17T11:41:39","date_gmt":"2009-08-17T15:41:39","guid":{"rendered":"http:\/\/www.redenoticia.com.br\/noticia\/?p=8890"},"modified":"2009-08-17T11:54:52","modified_gmt":"2009-08-17T15:54:52","slug":"sbt-comemora-28-anos","status":"publish","type":"post","link":"https:\/\/migracao.redenoticia.com.br\/noticia\/2009\/sbt-comemora-28-anos\/8890","title":{"rendered":"SBT comemora 28 anos"},"content":{"rendered":"<p><a href=\"https:\/\/migracao.redenoticia.com.br\/noticia\/imagens\/\/sbt.jpg\"><img loading=\"lazy\" decoding=\"async\" class=\"alignleft size-full wp-image-8200\" title=\"sbt\" src=\"https:\/\/migracao.redenoticia.com.br\/noticia\/imagens\/\/sbt.jpg\" alt=\"sbt\" width=\"150\" height=\"113\" srcset=\"https:\/\/migracao.redenoticia.com.br\/noticia\/imagens\/sbt.jpg 150w, https:\/\/migracao.redenoticia.com.br\/noticia\/imagens\/sbt-148x112.jpg 148w\" sizes=\"auto, (max-width: 150px) 100vw, 150px\" \/><\/a>O SBT estreou nesta segunda, 17 de agosto, sua nova home page, em comemora\u00e7\u00e3o ao anivers\u00e1rio de 28 anos. Com o novo desenho, o espa\u00e7o de conte\u00fado exclusivo da emissora aumentou em 340% e as fotos ganharam um tamanho maior para tornar a navega\u00e7\u00e3o ainda mais agrad\u00e1vel. O formato continua com 1024 pixels de largura, j\u00e1 que esta \u00e9 atualmente a defini\u00e7\u00e3o que a maior parte dos internautas visualiza com mais conforto.<\/p>\n<p>Entre as novidades, os programas ganharam blocos fixos no site, divididos em Variedades, Novelas, S\u00e9ries, Jornalismo, Infantil e Filmes. Por falar em filmes, a partir de agora, logo na primeira p\u00e1gina, os usu\u00e1rios podem conferir a grade com todos os grandes sucessos do cinema que ser\u00e3o exibidos naquela semana.<\/p>\n<p>Outra grande novidade \u00e9 um espa\u00e7o reservado para as estrelas do SBT. A se\u00e7\u00e3o Artistas d\u00e1 destaques para o casting da emissora, com entrevistas exclusivas, \u00faltimas not\u00edcias e momentos marcantes da carreira dos famosos. A programa\u00e7\u00e3o, como pedido pelos internautas, tamb\u00e9m est\u00e1 com maior destaque e mostra agora, ainda na primeira rolagem, o programa que est\u00e1 no ar, al\u00e9m das tr\u00eas pr\u00f3ximas atra\u00e7\u00f5es.<\/p>\n<p>Conte\u00fados em v\u00eddeo, como reportagens, programas na \u00edntegra, melhores momentos ou trechos in\u00e9ditos na TV, continuam sendo exibidos em uma \u00e1rea nobre, s\u00f3 que com maior destaque atrav\u00e9s de uma playlist rand\u00f4mica. Al\u00e9m disso, as inscri\u00e7\u00f5es para os programas ganharam seu espa\u00e7o na primeira p\u00e1gina, o que facilita a navega\u00e7\u00e3o do usu\u00e1rio.<\/p>\n<p>O Twitter, a rede social que mais cresce no mundo todo, tamb\u00e9m ganhou espa\u00e7o fixo, afinal, o SBT \u00e9 vice-l\u00edder em seguidores entre canais abertos do pa\u00eds. Quem nos segue, fica por dentro, em primeira m\u00e3o, das novidades e not\u00edcias de bastidores da emissora.<\/p>\n<p>Os blogs dos programas, apresentadores e produ\u00e7\u00f5es tamb\u00e9m est\u00e3o na nova home page, no box \u201cBlogs + Acessados\u201d. Atrav\u00e9s dessas ferramentas, o telespectador tem um canal aberto e direto com as atra\u00e7\u00f5es que mais gosta. Tudo isso, al\u00e9m de um sistema de busca e espa\u00e7o reservado para publicidade.<\/p>\n<p>As p\u00e1ginas internas de not\u00edcias tamb\u00e9m foram redesenhadas e, al\u00e9m do novo visual, agora exibem galeria de fotos ou, em caso de v\u00eddeo, ganharam um novo player, o que facilita a visualiza\u00e7\u00e3o do arquivo na pr\u00f3pria p\u00e1gina.<\/p>\n<p>Todas as mudan\u00e7as t\u00eam o objetivo de fazer a navega\u00e7\u00e3o dos usu\u00e1rios mais f\u00e1cil e agrad\u00e1vel. E\u00a0 vem muito mais por a\u00ed. Nas pr\u00f3ximas semanas, o site do SBT estreia outras novidades, entre elas a nova central de v\u00eddeos, com novas funcionalidades e possibilidades para os internautas. Aguarde!<\/p>\n","protected":false},"excerpt":{"rendered":"<p>O SBT estreou nesta segunda, 17 de agosto, sua nova home page, em comemora\u00e7\u00e3o ao anivers\u00e1rio de 28 anos. Com o novo desenho, o espa\u00e7o de conte\u00fado exclusivo da emissora aumentou em 340% e as fotos ganharam um tamanho maior para tornar a navega\u00e7\u00e3o ainda mais agrad\u00e1vel. O formato continua com 1024 pixels de largura, [&hellip;]<\/p>\n","protected":false},"author":3,"featured_media":0,"comment_status":"open","ping_status":"open","sticky":false,"template":"","format":"standard","meta":{"tdm_status":"","tdm_grid_status":"","footnotes":""},"categories":[22,343],"tags":[],"class_list":{"0":"post-8890","1":"post","2":"type-post","3":"status-publish","4":"format-standard","6":"category-brasil","7":"category-televisao"},"_links":{"self":[{"href":"https:\/\/migracao.redenoticia.com.br\/noticia\/wp-json\/wp\/v2\/posts\/8890","targetHints":{"allow":["GET"]}}],"collection":[{"href":"https:\/\/migracao.redenoticia.com.br\/noticia\/wp-json\/wp\/v2\/posts"}],"about":[{"href":"https:\/\/migracao.redenoticia.com.br\/noticia\/wp-json\/wp\/v2\/types\/post"}],"author":[{"embeddable":true,"href":"https:\/\/migracao.redenoticia.com.br\/noticia\/wp-json\/wp\/v2\/users\/3"}],"replies":[{"embeddable":true,"href":"https:\/\/migracao.redenoticia.com.br\/noticia\/wp-json\/wp\/v2\/comments?post=8890"}],"version-history":[{"count":0,"href":"https:\/\/migracao.redenoticia.com.br\/noticia\/wp-json\/wp\/v2\/posts\/8890\/revisions"}],"wp:attachment":[{"href":"https:\/\/migracao.redenoticia.com.br\/noticia\/wp-json\/wp\/v2\/media?parent=8890"}],"wp:term":[{"taxonomy":"category","embeddable":true,"href":"https:\/\/migracao.redenoticia.com.br\/noticia\/wp-json\/wp\/v2\/categories?post=8890"},{"taxonomy":"post_tag","embeddable":true,"href":"https:\/\/migracao.redenoticia.com.br\/noticia\/wp-json\/wp\/v2\/tags?post=8890"}],"curies":[{"name":"wp","href":"https:\/\/api.w.org\/{rel}","templated":true}]}}