{"id":88924,"date":"2016-06-24T19:14:11","date_gmt":"2016-06-24T22:14:11","guid":{"rendered":"http:\/\/www.redenoticia.com.br\/noticia\/?p=88924"},"modified":"2016-06-27T21:55:10","modified_gmt":"2016-06-28T00:55:10","slug":"novela-os-dez-mandamentos-resumo-2706-moises-escreve-sobre-morte-de-arao","status":"publish","type":"post","link":"https:\/\/migracao.redenoticia.com.br\/noticia\/2016\/novela-os-dez-mandamentos-resumo-2706-moises-escreve-sobre-morte-de-arao\/88924","title":{"rendered":"Novela \u201cOs Dez Mandamentos\u201d resumo 27\/06: Mois\u00e9s escreve sobre morte de Ar\u00e3o"},"content":{"rendered":"<p> <img loading=\"lazy\" decoding=\"async\" class=\"alignleft size-thumbnail wp-image-83604\" src=\"https:\/\/migracao.redenoticia.com.br\/noticia\/imagens\/os_dez_mandamentos_nova_temporada-150x112.jpg\" alt=\"os_dez_mandamentos_nova_temporada\" width=\"150\" height=\"112\" srcset=\"https:\/\/migracao.redenoticia.com.br\/noticia\/imagens\/os_dez_mandamentos_nova_temporada-150x112.jpg 150w, https:\/\/migracao.redenoticia.com.br\/noticia\/imagens\/os_dez_mandamentos_nova_temporada-265x198.jpg 265w, https:\/\/migracao.redenoticia.com.br\/noticia\/imagens\/os_dez_mandamentos_nova_temporada-345x261.jpg 345w\" sizes=\"auto, (max-width: 150px) 100vw, 150px\" \/><strong><em>Novela \u201cOs Dez Mandamentos\u201d resumo 27\/06<\/em><\/strong>: enfraquecido, Ar\u00e3o declara seu amor por Joana. Ela chora e diz que n\u00e3o vai aguentar ficar sem o marido. Ar\u00e3o se despede de sua fam\u00edlia e, sereno, diz a Mois\u00e9s que chegou a hora. Ar\u00e3o se despede de todos e sobe ao monte Hor, acompanhado por Mois\u00e9s e Eleazar. Ele avisa que est\u00e1 pronto para conhecer Deus. No alto do Monte Hor, Ar\u00e3o se despede de Mois\u00e9s e Eleazar. Mois\u00e9s veste Eleazar com as roupas do irm\u00e3o. O Libertador escreve sobre a morte de Ar\u00e3o. Algum tempo se passa e Mois\u00e9s diz palavras de for\u00e7a e apoio aos guerreiros hebreus.<\/p>\n<p>No capitulo 061(*), novela \u201cOs Dez Mandamentos\u201d, segunda-feira, 27 de junho &#8211; Joana tenta consolar Ar\u00e3o, enquanto Mois\u00e9s diz s\u00e1bias palavras a Josu\u00e9. Ar\u00e3o olha para o c\u00e9u e pede perd\u00e3o a Deus. A coluna se mexe, indicando que \u00e9 hora de partir. O fen\u00f4meno vai guiando o povo pelo deserto. Algum tempo se passa. Oren, aflito, avisa a Adira que os hebreus est\u00e3o chegando a Hesbom. Enfraquecido, Ar\u00e3o declara seu amor por Joana. Ela chora e diz que n\u00e3o vai aguentar ficar sem o marido. Ar\u00e3o se despede de sua fam\u00edlia. Ele, sereno, diz a Mois\u00e9s que chegou a hora. Ar\u00e3o se despede de todos e sobe ao monte Hor, acompanhado por Mois\u00e9s e Eleazar. Ele avisa que est\u00e1 pronto para conhecer Deus. No alto do Monte Hor, Ar\u00e3o se despede de Mois\u00e9s e Eleazar. <\/p>\n<p>Mois\u00e9s veste Eleazar com as roupas do irm\u00e3o. O Libertador escreve sobre a morte de Ar\u00e3o. Algum tempo se passa e Mois\u00e9s diz palavras de for\u00e7a e apoio aos guerreiros hebreus. Seom re\u00fane outros reis de reinos pr\u00f3ximos para tra\u00e7arem uma estrat\u00e9gia contra o povo hebreu. O rei de Hesbom diz ter um trunfo. Ele avisa que a esposa de Oren \u00e9 cunhada de Mois\u00e9s. Zur avisa ao rei Balaque e \u00e0 rainha Elda sobre a aproxima\u00e7\u00e3o dos guerreiros hebreus. Deborah se mostra preocupada com a ida de Eli ao combate. Oren tenta convencer Seom a desistir de guerrear contra o povo hebreu. Mois\u00e9s se re\u00fane com Calebe e Josu\u00e9. Eles decidem que Hesbom \u00e9 o pr\u00f3ximo lugar a ser invadido. <\/p>\n<p>Mois\u00e9s avisa que quer Adira viva. Oren avisa ao filho Ezequiel sobre o perigo que Adira est\u00e1 correndo. Iru debocha do jeito como Otniel treina com a espada. Adira questiona Oren sobre a decis\u00e3o do rei de lutar contra o povo de Mois\u00e9s. Ezequiel avisa \u00e0 Leila sobre a aproxima\u00e7\u00e3o dos hebreus. Em conversa com Noemi, Joana diz que sente um conforto por saber que Ar\u00e3o est\u00e1 junto de Deus. Adira suplica a Oren para que fujam em dire\u00e7\u00e3o ao acampamento dos hebreus. O rei Balaque deixa Bet\u00e2nia tensa ao dizer que precisar\u00e1 chamar Bala\u00e3o. Gahiji pede para Bezalel manter a f\u00e9 pois eles encontrar\u00e3o Leila. Oren surpreende Leila e Baraquias ao avisar que fugir\u00e3o de Hesbom para encontrar os hebreus. Eleazer conversa com In\u00eas e diz que \u00e9 uma responsabilidade e tanto assumir a fun\u00e7\u00e3o de sumo sacerdote. Z\u00edpora diz estar ansiosa para reencontrar suas irm\u00e3s e sobrinhos. Mois\u00e9s diz s\u00e1bias palavras a Josu\u00e9. <\/p>\n<p>(*) edi\u00e7\u00e3o da Rede Record, Novela \u201cOs Dez Mandamentos\u201d, sujeito a altera\u00e7\u00e3o de data e conte\u00fado.<\/p>\n","protected":false},"excerpt":{"rendered":"<p>Novela \u201cOs Dez Mandamentos\u201d resumo 27\/06: enfraquecido, Ar\u00e3o declara seu amor por Joana. Ela chora e diz que n\u00e3o vai aguentar ficar sem o marido. Ar\u00e3o se despede de sua fam\u00edlia e, sereno, diz a Mois\u00e9s que chegou a hora. Ar\u00e3o se despede de todos e sobe ao monte Hor, acompanhado por Mois\u00e9s e Eleazar. [&hellip;]<\/p>\n","protected":false},"author":2,"featured_media":83604,"comment_status":"open","ping_status":"closed","sticky":false,"template":"","format":"standard","meta":{"tdm_status":"","tdm_grid_status":"","footnotes":""},"categories":[379,424,371,343],"tags":[441],"class_list":{"0":"post-88924","1":"post","2":"type-post","3":"status-publish","4":"format-standard","5":"has-post-thumbnail","7":"category-novelas","8":"category-os-dez-mandamentos","9":"category-rede-record","10":"category-televisao","11":"tag-resumo-do-dia"},"_links":{"self":[{"href":"https:\/\/migracao.redenoticia.com.br\/noticia\/wp-json\/wp\/v2\/posts\/88924","targetHints":{"allow":["GET"]}}],"collection":[{"href":"https:\/\/migracao.redenoticia.com.br\/noticia\/wp-json\/wp\/v2\/posts"}],"about":[{"href":"https:\/\/migracao.redenoticia.com.br\/noticia\/wp-json\/wp\/v2\/types\/post"}],"author":[{"embeddable":true,"href":"https:\/\/migracao.redenoticia.com.br\/noticia\/wp-json\/wp\/v2\/users\/2"}],"replies":[{"embeddable":true,"href":"https:\/\/migracao.redenoticia.com.br\/noticia\/wp-json\/wp\/v2\/comments?post=88924"}],"version-history":[{"count":0,"href":"https:\/\/migracao.redenoticia.com.br\/noticia\/wp-json\/wp\/v2\/posts\/88924\/revisions"}],"wp:featuredmedia":[{"embeddable":true,"href":"https:\/\/migracao.redenoticia.com.br\/noticia\/wp-json\/wp\/v2\/media\/83604"}],"wp:attachment":[{"href":"https:\/\/migracao.redenoticia.com.br\/noticia\/wp-json\/wp\/v2\/media?parent=88924"}],"wp:term":[{"taxonomy":"category","embeddable":true,"href":"https:\/\/migracao.redenoticia.com.br\/noticia\/wp-json\/wp\/v2\/categories?post=88924"},{"taxonomy":"post_tag","embeddable":true,"href":"https:\/\/migracao.redenoticia.com.br\/noticia\/wp-json\/wp\/v2\/tags?post=88924"}],"curies":[{"name":"wp","href":"https:\/\/api.w.org\/{rel}","templated":true}]}}