{"id":8893,"date":"2009-08-17T11:48:56","date_gmt":"2009-08-17T15:48:56","guid":{"rendered":"http:\/\/www.redenoticia.com.br\/noticia\/?p=8893"},"modified":"2009-08-17T11:55:34","modified_gmt":"2009-08-17T15:55:34","slug":"sbt-elaine-cristina-conta-como-e-viver-a-vila-eunice","status":"publish","type":"post","link":"https:\/\/migracao.redenoticia.com.br\/noticia\/2009\/sbt-elaine-cristina-conta-como-e-viver-a-vila-eunice\/8893","title":{"rendered":"SBT &#8211; Elaine Cristina conta como \u00e9 viver a vil\u00e3 Eunice"},"content":{"rendered":"<p><a href=\"https:\/\/migracao.redenoticia.com.br\/noticia\/imagens\/\/veunoiva.jpg\"><img loading=\"lazy\" decoding=\"async\" class=\"alignleft size-full wp-image-8894\" title=\"veunoiva\" src=\"https:\/\/migracao.redenoticia.com.br\/noticia\/imagens\/\/veunoiva.jpg\" alt=\"veunoiva\" width=\"150\" height=\"113\" \/><\/a>SBT &#8211; Mal\u00e9vola e Maquiav\u00e9lica, Eunice Baronese vive \u00e0 sombra em\u00a0Vende-se Um V\u00e9u de Noiva e n\u00e3o mede esfor\u00e7os para alcan\u00e7ar seus objetivos. Ela envolve os personagens da trama em seus planos com um \u00fanico objetivo: destruir quem est\u00e1 em seu caminho.\u00a0<\/p>\n<p>Elaine Cristina, que d\u00e1 vida \u00e0 vil\u00e3, defende a personagem. \u201cAcho que ela merece um tratamento. Corro em defesa dela. Acho ela positiva, din\u00e2mica. Acredito que ela tem um lado bom. Todo mundo tem\u201d, revela. Para compor a personagem, a atriz pesquisou sobre a psicopatia e acredita que o vil\u00e3o, dentro ou fora da fic\u00e7\u00e3o, \u201csempre se sai bem\u201d. Confira a entrevista com Elaine Cristina!\u00a0\u00a0\u00a0<\/p>\n<p>\u00c9 a primeira vil\u00e3 que est\u00e1 interpretando? Como \u00e9 viver Eunice?<br \/>\nJ\u00e1 fiz outras vil\u00e3s, mas buscamos sempre um diferencial em nosso trabalho. Eunice tem um pouco de psicopatia. Para conseguir o que quer, ela \u00e9 capaz de fazer qualquer coisa, passa por cima de qualquer pessoa. E isso para ela \u00e9 normal.<\/p>\n<p>O que vai acontecer com Eunice ao longo da trama?<br \/>\nAcho que ela merece um tratamento. Para ser mais contundente, o mau-car\u00e1ter sempre se sai bem. N\u00e3o sei se v\u00e3o dar um desfecho ruim para ela. Eu corro em defesa dela. Acho ela positiva, din\u00e2mica. Tento humaniz\u00e1-la porque ela tem um lado bom. Todo mundo tem.<\/p>\n<p>Voc\u00ea se inspirou em algu\u00e9m ou fez alguma pesquisa para compor a personagem?<br \/>\nEu pesquisei como se comporta uma psicopata. Acredito que tem muitas Eunices a solta pelos ambientes que frequentamos.<\/p>\n<p>Voc\u00ea acha que \u00e9 a vil\u00e3 que move a trama por suas crueldades?<br \/>\nPraticamente a trama est\u00e1 sendo contada atrav\u00e9s dela. Ela cria os suspenses e as mazelas da novela. Eu prefiro as vil\u00e3s, embora na minha carreira tenha feito mais mocinhas.<\/p>\n<p>Qual o desafio de interpretar Eunice?<br \/>\nQuando a personagem tem muita semelhan\u00e7a com voc\u00ea a coisa fica mais f\u00e1cil. Agora quando n\u00e3o tem a ver com a sua ess\u00eancia se torna um desafio. Interpretando a vil\u00e3 a possibilidade de brincar e criar \u00e9 maior.<\/p>\n","protected":false},"excerpt":{"rendered":"<p>SBT &#8211; Mal\u00e9vola e Maquiav\u00e9lica, Eunice Baronese vive \u00e0 sombra em\u00a0Vende-se Um V\u00e9u de Noiva e n\u00e3o mede esfor\u00e7os para alcan\u00e7ar seus objetivos. Ela envolve os personagens da trama em seus planos com um \u00fanico objetivo: destruir quem est\u00e1 em seu caminho.\u00a0 Elaine Cristina, que d\u00e1 vida \u00e0 vil\u00e3, defende a personagem. \u201cAcho que ela [&hellip;]<\/p>\n","protected":false},"author":3,"featured_media":0,"comment_status":"open","ping_status":"open","sticky":false,"template":"","format":"standard","meta":{"tdm_status":"","tdm_grid_status":"","footnotes":""},"categories":[22,343],"tags":[],"class_list":{"0":"post-8893","1":"post","2":"type-post","3":"status-publish","4":"format-standard","6":"category-brasil","7":"category-televisao"},"_links":{"self":[{"href":"https:\/\/migracao.redenoticia.com.br\/noticia\/wp-json\/wp\/v2\/posts\/8893","targetHints":{"allow":["GET"]}}],"collection":[{"href":"https:\/\/migracao.redenoticia.com.br\/noticia\/wp-json\/wp\/v2\/posts"}],"about":[{"href":"https:\/\/migracao.redenoticia.com.br\/noticia\/wp-json\/wp\/v2\/types\/post"}],"author":[{"embeddable":true,"href":"https:\/\/migracao.redenoticia.com.br\/noticia\/wp-json\/wp\/v2\/users\/3"}],"replies":[{"embeddable":true,"href":"https:\/\/migracao.redenoticia.com.br\/noticia\/wp-json\/wp\/v2\/comments?post=8893"}],"version-history":[{"count":0,"href":"https:\/\/migracao.redenoticia.com.br\/noticia\/wp-json\/wp\/v2\/posts\/8893\/revisions"}],"wp:attachment":[{"href":"https:\/\/migracao.redenoticia.com.br\/noticia\/wp-json\/wp\/v2\/media?parent=8893"}],"wp:term":[{"taxonomy":"category","embeddable":true,"href":"https:\/\/migracao.redenoticia.com.br\/noticia\/wp-json\/wp\/v2\/categories?post=8893"},{"taxonomy":"post_tag","embeddable":true,"href":"https:\/\/migracao.redenoticia.com.br\/noticia\/wp-json\/wp\/v2\/tags?post=8893"}],"curies":[{"name":"wp","href":"https:\/\/api.w.org\/{rel}","templated":true}]}}