{"id":88942,"date":"2016-06-25T19:51:50","date_gmt":"2016-06-25T22:51:50","guid":{"rendered":"http:\/\/www.redenoticia.com.br\/noticia\/?p=88942"},"modified":"2016-06-25T15:55:43","modified_gmt":"2016-06-25T18:55:43","slug":"novela-sila-resumo-2706-narin-conta-para-boran-que-ele-e-pai","status":"publish","type":"post","link":"https:\/\/migracao.redenoticia.com.br\/noticia\/2016\/novela-sila-resumo-2706-narin-conta-para-boran-que-ele-e-pai\/88942","title":{"rendered":"Novela \u201cSila\u201d resumo 27\/06: Narin conta para Boran que ele \u00e9 pai"},"content":{"rendered":"<p> <img loading=\"lazy\" decoding=\"async\" class=\"alignleft size-thumbnail wp-image-83098\" src=\"https:\/\/migracao.redenoticia.com.br\/noticia\/imagens\/sila_band_novela_resumo_capitulo-150x112.jpg\" alt=\"sila_band_novela_resumo_capitulo\" width=\"150\" height=\"112\" srcset=\"https:\/\/migracao.redenoticia.com.br\/noticia\/imagens\/sila_band_novela_resumo_capitulo-150x112.jpg 150w, https:\/\/migracao.redenoticia.com.br\/noticia\/imagens\/sila_band_novela_resumo_capitulo-265x198.jpg 265w\" sizes=\"auto, (max-width: 150px) 100vw, 150px\" \/><strong><em> Novela \u201cSila\u201d resumo 27\/06<\/em><\/strong>: Dihan amea\u00e7a Sila durante uma festa na casa de Firuz. Sila come\u00e7a a sentir contra\u00e7\u00f5es, mas vai para o aeroporto para fugir de Mardin. Boran, com uma manobra muito arriscada, encontra Dihan antes dele matar Sila. O chefe da tribo o tira para fora do carro e dispara 3 vezes contra Dihan. Boran \u00e9 detido, mas logo depois Narin conta que ele j\u00e1 \u00e9 pai. Boran se emociona.  <\/p>\n<p>No capitulo 078(*), novela \u201cSila\u201d, segunda-feira, 27 de junho &#8211; Boran consegue desfazer o acordo de casamento, mas Sila p\u00f5e tudo a perder. Sila entra em desespero e precisa de atendimento m\u00e9dico. Dihan descobre que Sila ajudou um casal a fugir de Mardin. Boran se irrita com os chefes do cl\u00e3 que insistem em insultar Sila. Boran planeja fugir com Sila para outro pa\u00eds.<\/p>\n<p>Bedar chora sobre o t\u00famulo de Azad. Sila decide ir embora sozinha e passa o controle dos neg\u00f3cios para Celil e Narin. Dihan amea\u00e7a Sila durante uma festa na casa de Firuz. Sila come\u00e7a a sentir contra\u00e7\u00f5es, mas vai para o aeroporto para fugir de Mardin.<\/p>\n<p> Sila e familia tentam escapar de Mardin. Boran, com uma manobra muito arriscada, encontra Dihan antes dele matar Sila. Dihan e Boran tentam chegar ao aeroporto e se enfrentam no meio da estrada. Sila vai embora de Mardin. O chefe da tribo o tira o primo para fora do carro e dispara 3 vezes contra Dihan. Boran \u00e9 detido pela pol\u00edcia ap\u00f3s atirar em Dihan. Sila come\u00e7a a sentir muitas dores e o avi\u00e3o faz um pouso de emerg\u00eancia para o parto.<\/p>\n<p>(*) edi\u00e7\u00e3o da Band, Novela \u201cSila\u201d, sujeito a altera\u00e7\u00e3o de data e conte\u00fado.<\/p>\n","protected":false},"excerpt":{"rendered":"<p>Novela \u201cSila\u201d resumo 27\/06: Dihan amea\u00e7a Sila durante uma festa na casa de Firuz. Sila come\u00e7a a sentir contra\u00e7\u00f5es, mas vai para o aeroporto para fugir de Mardin. Boran, com uma manobra muito arriscada, encontra Dihan antes dele matar Sila. O chefe da tribo o tira para fora do carro e dispara 3 vezes contra [&hellip;]<\/p>\n","protected":false},"author":2,"featured_media":83098,"comment_status":"open","ping_status":"closed","sticky":false,"template":"","format":"standard","meta":{"tdm_status":"","tdm_grid_status":"","footnotes":""},"categories":[390,379,343],"tags":[441],"class_list":{"0":"post-88942","1":"post","2":"type-post","3":"status-publish","4":"format-standard","5":"has-post-thumbnail","7":"category-band","8":"category-novelas","9":"category-televisao","10":"tag-resumo-do-dia"},"_links":{"self":[{"href":"https:\/\/migracao.redenoticia.com.br\/noticia\/wp-json\/wp\/v2\/posts\/88942","targetHints":{"allow":["GET"]}}],"collection":[{"href":"https:\/\/migracao.redenoticia.com.br\/noticia\/wp-json\/wp\/v2\/posts"}],"about":[{"href":"https:\/\/migracao.redenoticia.com.br\/noticia\/wp-json\/wp\/v2\/types\/post"}],"author":[{"embeddable":true,"href":"https:\/\/migracao.redenoticia.com.br\/noticia\/wp-json\/wp\/v2\/users\/2"}],"replies":[{"embeddable":true,"href":"https:\/\/migracao.redenoticia.com.br\/noticia\/wp-json\/wp\/v2\/comments?post=88942"}],"version-history":[{"count":0,"href":"https:\/\/migracao.redenoticia.com.br\/noticia\/wp-json\/wp\/v2\/posts\/88942\/revisions"}],"wp:featuredmedia":[{"embeddable":true,"href":"https:\/\/migracao.redenoticia.com.br\/noticia\/wp-json\/wp\/v2\/media\/83098"}],"wp:attachment":[{"href":"https:\/\/migracao.redenoticia.com.br\/noticia\/wp-json\/wp\/v2\/media?parent=88942"}],"wp:term":[{"taxonomy":"category","embeddable":true,"href":"https:\/\/migracao.redenoticia.com.br\/noticia\/wp-json\/wp\/v2\/categories?post=88942"},{"taxonomy":"post_tag","embeddable":true,"href":"https:\/\/migracao.redenoticia.com.br\/noticia\/wp-json\/wp\/v2\/tags?post=88942"}],"curies":[{"name":"wp","href":"https:\/\/api.w.org\/{rel}","templated":true}]}}