{"id":88966,"date":"2016-06-27T10:22:16","date_gmt":"2016-06-27T13:22:16","guid":{"rendered":"http:\/\/www.redenoticia.com.br\/noticia\/?p=88966"},"modified":"2016-06-25T17:23:31","modified_gmt":"2016-06-25T20:23:31","slug":"fapesp-e-natura-lancam-centro-de-pesquisa-em-bem-estar-e-comportamento-humano","status":"publish","type":"post","link":"https:\/\/migracao.redenoticia.com.br\/noticia\/2016\/fapesp-e-natura-lancam-centro-de-pesquisa-em-bem-estar-e-comportamento-humano\/88966","title":{"rendered":"FAPESP e Natura lan\u00e7am Centro de Pesquisa em Bem-Estar e Comportamento Humano"},"content":{"rendered":"<p> Samuel Antenor \u00a0| \u00a0Ag\u00eancia FAPESP \u2013 A FAPESP e a Natura lan\u00e7aram o Centro de Pesquisa Aplicada em <strong><em>Bem-Estar e Comportamento Humano<\/em><\/strong>, voltado para estudos nas \u00e1reas de neuroci\u00eancias, psicologia positiva, psicologia social, neuroimagem, neuropsicofisiologia, psicometria, estudos populacionais e longitudinais.<\/p>\n<p>Formado por uma rede de pesquisadores das \u00e1reas de psicologia e neuroci\u00eancias da Universidade de S\u00e3o Paulo (USP), da Universidade Federal de S\u00e3o Paulo (Unifesp) e da Universidade Presbiteriana Mackenzie (UPM), o Centro, sediado no Instituto de Psicologia da USP (IPUSP), \u00e9 o primeiro na \u00e1rea de Humanidades criado a partir de modelo de financiamento compartilhado entre uma empresa privada e a Funda\u00e7\u00e3o.<\/p>\n<p>Os investimentos previstos para sua implanta\u00e7\u00e3o e condu\u00e7\u00e3o de suas atividades chegar\u00e3o a R$ 40 milh\u00f5es em dez anos, dos quais R$ 20 milh\u00f5es ser\u00e3o divididos igualmente entre Natura e FAPESP. Outros R$ 20 milh\u00f5es ser\u00e3o dispendidos como contrapartida pelas universidades, em forma de apoio institucional e administrativo aos pesquisadores envolvidos, incluindo sal\u00e1rios e infraestrutura.<\/p>\n<p>Para Jos\u00e9 Goldemberg, presidente da FAPESP, o Centro dever\u00e1 fornecer subs\u00eddios para ajudar a entender as necessidades de bem-estar da sociedade, e a obter condi\u00e7\u00f5es m\u00ednimas para a melhoria da qualidade de vida das pessoas.<\/p>\n<p>\u201cO Centro se dedicar\u00e1 ao levantamento de dados qualitativos e quantitativos, com vistas \u00e0 melhoria da qualidade de vida das sociedades modernas a partir de uma Intera\u00e7\u00e3o da universidade com o setor produtivo\u201d, disse.<\/p>\n<p>Para ele, a integra\u00e7\u00e3o entre \u00e1reas do conhecimento ser\u00e1 um diferencial do Centro, onde cerca de 30 pesquisadores conectados em rede desenvolver\u00e3o projetos cooperativos articulando institui\u00e7\u00f5es de pesquisa do Brasil e do exterior.<\/p>\n<p>A proposta do Centro \u00e9 realizar estudos multidisciplinares, a fim de gerar novos conhecimentos, conceitos, metodologias, tecnologias, a\u00e7\u00f5es de educa\u00e7\u00e3o, desenvolvimento de indicadores e a estrutura\u00e7\u00e3o de uma base s\u00f3lida para avalia\u00e7\u00e3o e promo\u00e7\u00e3o do bem-estar da popula\u00e7\u00e3o brasileira.<\/p>\n<p>Durante o evento de lan\u00e7amento do Centro, na sede da FAPESP, Andrea \u00c1lvares, vice-presidente de marketing e inova\u00e7\u00e3o da Natura, afirmou que o modelo escolhido para sua implanta\u00e7\u00e3o est\u00e1 na vanguarda da inova\u00e7\u00e3o aberta.<\/p>\n<p>\u201cQuanto maior a diversidade dos envolvidos, mais ricos ser\u00e3o os resultados, pois a iniciativa ir\u00e1 fortalecer o conhecimento cient\u00edfico para promover o bem-estar de nossos consumidores e da sociedade como um todo. Ao final, queremos oferecer o que h\u00e1 de mais avan\u00e7ado no conhecimento nesta \u00e1rea\u201d, afirmou.<\/p>\n<p>Novas Perspectivas<\/p>\n<p>Coordenado por Emma Otta, professora titular do Departamento de Psicologia Experimental do IPUSP, e por Patr\u00edcia Tobo, gerente cient\u00edfica de Ci\u00eancias de Bem-Estar da Natura, o Centro tem como fundamento de suas pesquisas a neuroci\u00eancia e a psicologia, esta como produtora de conhecimentos cient\u00edficos a partir do estudo do comportamento e suas causas, numa perspectiva psicobiol\u00f3gica. Nesse sentido, as pesquisas estar\u00e3o localizadas na esfera de duas \u00e1reas principais.<\/p>\n<p>A primeira delas \u00e9 a psicologia positiva \u2013 que tem seu foco no estudo e desenvolvimento das qualidades humanas e dos aspectos saud\u00e1veis da vida, como sabedoria, criatividade, coragem, cidadania, entendendo que a promo\u00e7\u00e3o do bem-estar n\u00e3o \u00e9 o mesmo que a redu\u00e7\u00e3o do mal-estar.<\/p>\n<p>A segunda \u00e1rea de estudos \u00e9 a neuroci\u00eancia cognitiva \u2013 que estuda a aten\u00e7\u00e3o, a mem\u00f3ria e a linguagem, al\u00e9m da regula\u00e7\u00e3o emocional e sua influ\u00eancia nas rela\u00e7\u00f5es sociais, em quest\u00f5es como ra\u00e7a, g\u00eanero e condi\u00e7\u00f5es sociais, entre outros fatores.<\/p>\n<p>\u201cO Centro tem uma caracter\u00edstica inovadora, pelo fato de conciliar esses dois pilares: o da psicologia \u2013 com \u00eanfase na psicologia positiva e sua no\u00e7\u00e3o de bem-estar, incluindo as condi\u00e7\u00f5es objetivas de vida, sa\u00fade, alimenta\u00e7\u00e3o, habita\u00e7\u00e3o \u2013 e o da neuroci\u00eancia\u201d, afirma Otta.<\/p>\n<p>Para Vahan Agopyan, vice-reitor da USP, universidade escolhida como sede do Centro, as parcerias da FAPESP com o setor produtivo demonstram que a Funda\u00e7\u00e3o tem conseguido somar seus recursos aos de empresas que buscam na pesquisa resultados de longo prazo.<\/p>\n<p>\u201cNeste caso, ganha a Natura, por aproximar-se da academia, ganha a universidade, por receber mais recursos para pesquisa, e ganha a sociedade, pois os resultados dos estudos do Centro estar\u00e3o dispon\u00edveis com maior rapidez\u201d, observou.<\/p>\n<p>Tamb\u00e9m para o diretor cient\u00edfico da FAPESP, Carlos Henrique de Brito Cruz, facilitar a intera\u00e7\u00e3o entre universidades com grupos de pesquisa competitivos internacionalmente e empresas \u00e9 essencial para o desenvolvimento cient\u00edfico e tecnol\u00f3gico do Estado de S\u00e3o Paulo, miss\u00e3o da Funda\u00e7\u00e3o. \u201cA universidade ganha novos desafios para a pesquisa e a empresa ganha pontos de contato estrat\u00e9gicos com a fronteira do conhecimento e com a forma\u00e7\u00e3o de recursos humanos\u201d, disse.<\/p>\n<p>Gerson Pinto, vice-presidente de Inova\u00e7\u00e3o da Natura, destacou que todos os processos e produtos da empresa s\u00e3o permeados pela inova\u00e7\u00e3o, que est\u00e1 no centro de seus modelos de neg\u00f3cios. \u201cA Natura tem a promo\u00e7\u00e3o do bem-estar como sua raz\u00e3o de ser e pesquisa internamente o tema h\u00e1 mais de dez anos. O Centro permitir\u00e1 agregar uma dimens\u00e3o ainda mais profunda desse conhecimento, ao mesmo tempo em que amplia nosso entendimento da popula\u00e7\u00e3o brasileira\u201d.<\/p>\n<p>Segundo ele, al\u00e9m dos resultados econ\u00f4micos da inova\u00e7\u00e3o, h\u00e1 na empresa preocupa\u00e7\u00e3o com o desenvolvimento social e ambiental. \u201cDesde 2006, a Natura vem pesquisando fatores f\u00edsicos, psicol\u00f3gicos, ambientais e sociais, e todos eles influenciam o estado de bem-estar das pessoas\u201d, disse.<\/p>\n<p>Pesquisa de longo prazo<\/p>\n<p>Inicialmente, os pesquisadores do centro se articular\u00e3o em torno de 11 projetos voltados ao desenvolvimento de indicadores de bem-estar, por meio de estudos sobre o reconhecimento e a regula\u00e7\u00e3o de emo\u00e7\u00f5es, assim como a influ\u00eancia do contexto familiar e da sociedade nas rela\u00e7\u00f5es humanas. Temas ligados \u00e0 ind\u00fastria cosm\u00e9tica \u2013 como a maneira com que as fragr\u00e2ncias e a maquiagem podem alterar o estado de \u00e2nimo e a autoestima das pessoas \u2013 tamb\u00e9m ser\u00e3o estudados.<\/p>\n<p>Os projetos ser\u00e3o desenvolvidos ao longo de uma d\u00e9cada, mas outras linhas de pesquisa poder\u00e3o integrar o Centro, ao longo do tempo. De acordo com Otta, trata-se de um importante investimento em uma \u00e1rea do conhecimento que \u00e9 multidisciplinar, e pode trazer novas perspectivas para o desenvolvimento do bem-estar na sociedade.<\/p>\n<p>\u201cA psicologia moderna aproxima-se da neuroci\u00eancia a partir da psicobiologia, buscando medidas objetivas para quest\u00f5es que antes eram tidas como subjetivas, considerando varia\u00e7\u00f5es individuais para perceber determinados comportamentos influenciados pela sociedade\u201d, explicou.<\/p>\n<p>Para ela, h\u00e1 grande potencial de aplica\u00e7\u00e3o do conhecimento produzido por pesquisas em psicologia positiva nas \u00e1reas da educa\u00e7\u00e3o, da sa\u00fade, do trabalho e das organiza\u00e7\u00f5es, para o desenvolvimento das pessoas e da sociedade, podendo-se inclusive diminuir o custo econ\u00f4mico e social de doen\u00e7as, na medida em que as pessoas aprendam a fazer escolhas que promovam o bem-estar e a sa\u00fade.<\/p>\n<p>O Centro visa ainda conectar a pesquisa cient\u00edfica com a inova\u00e7\u00e3o e transfer\u00eancia de tecnologia, para o que conta com coordena\u00e7\u00f5es dedicadas \u00e0 transfer\u00eancia dos resultados gerados pelas pesquisas e \u00e0 sua incorpora\u00e7\u00e3o em a\u00e7\u00f5es de educa\u00e7\u00e3o e difus\u00e3o, aumentando o impacto da ci\u00eancia e da tecnologia junto \u00e0 sociedade.<\/p>\n","protected":false},"excerpt":{"rendered":"<p>Samuel Antenor \u00a0| \u00a0Ag\u00eancia FAPESP \u2013 A FAPESP e a Natura lan\u00e7aram o Centro de Pesquisa Aplicada em Bem-Estar e Comportamento Humano, voltado para estudos nas \u00e1reas de neuroci\u00eancias, psicologia positiva, psicologia social, neuroimagem, neuropsicofisiologia, psicometria, estudos populacionais e longitudinais. Formado por uma rede de pesquisadores das \u00e1reas de psicologia e neuroci\u00eancias da Universidade de [&hellip;]<\/p>\n","protected":false},"author":2,"featured_media":37376,"comment_status":"open","ping_status":"closed","sticky":false,"template":"","format":"standard","meta":{"tdm_status":"","tdm_grid_status":"","footnotes":""},"categories":[22,5],"tags":[],"class_list":{"0":"post-88966","1":"post","2":"type-post","3":"status-publish","4":"format-standard","5":"has-post-thumbnail","7":"category-brasil","8":"category-saude-e-vida"},"_links":{"self":[{"href":"https:\/\/migracao.redenoticia.com.br\/noticia\/wp-json\/wp\/v2\/posts\/88966","targetHints":{"allow":["GET"]}}],"collection":[{"href":"https:\/\/migracao.redenoticia.com.br\/noticia\/wp-json\/wp\/v2\/posts"}],"about":[{"href":"https:\/\/migracao.redenoticia.com.br\/noticia\/wp-json\/wp\/v2\/types\/post"}],"author":[{"embeddable":true,"href":"https:\/\/migracao.redenoticia.com.br\/noticia\/wp-json\/wp\/v2\/users\/2"}],"replies":[{"embeddable":true,"href":"https:\/\/migracao.redenoticia.com.br\/noticia\/wp-json\/wp\/v2\/comments?post=88966"}],"version-history":[{"count":0,"href":"https:\/\/migracao.redenoticia.com.br\/noticia\/wp-json\/wp\/v2\/posts\/88966\/revisions"}],"wp:featuredmedia":[{"embeddable":true,"href":"https:\/\/migracao.redenoticia.com.br\/noticia\/wp-json\/wp\/v2\/media\/37376"}],"wp:attachment":[{"href":"https:\/\/migracao.redenoticia.com.br\/noticia\/wp-json\/wp\/v2\/media?parent=88966"}],"wp:term":[{"taxonomy":"category","embeddable":true,"href":"https:\/\/migracao.redenoticia.com.br\/noticia\/wp-json\/wp\/v2\/categories?post=88966"},{"taxonomy":"post_tag","embeddable":true,"href":"https:\/\/migracao.redenoticia.com.br\/noticia\/wp-json\/wp\/v2\/tags?post=88966"}],"curies":[{"name":"wp","href":"https:\/\/api.w.org\/{rel}","templated":true}]}}