{"id":89022,"date":"2016-06-27T19:56:33","date_gmt":"2016-06-27T22:56:33","guid":{"rendered":"http:\/\/www.redenoticia.com.br\/noticia\/?p=89022"},"modified":"2016-06-27T01:03:41","modified_gmt":"2016-06-27T04:03:41","slug":"novela-sila-resumo-2806-boran-atira-em-dihan-e-e-preso","status":"publish","type":"post","link":"https:\/\/migracao.redenoticia.com.br\/noticia\/2016\/novela-sila-resumo-2806-boran-atira-em-dihan-e-e-preso\/89022","title":{"rendered":"Novela \u201cSila\u201d resumo 28\/06: Boran atira em Dihan e \u00e9 preso"},"content":{"rendered":"<p> <img loading=\"lazy\" decoding=\"async\" class=\"alignleft size-thumbnail wp-image-83098\" src=\"https:\/\/migracao.redenoticia.com.br\/noticia\/imagens\/sila_band_novela_resumo_capitulo-150x112.jpg\" alt=\"sila_band_novela_resumo_capitulo\" width=\"150\" height=\"112\" srcset=\"https:\/\/migracao.redenoticia.com.br\/noticia\/imagens\/sila_band_novela_resumo_capitulo-150x112.jpg 150w, https:\/\/migracao.redenoticia.com.br\/noticia\/imagens\/sila_band_novela_resumo_capitulo-265x198.jpg 265w\" sizes=\"auto, (max-width: 150px) 100vw, 150px\" \/><strong><em> Novela \u201cSila\u201d resumo 28\/06<\/em><\/strong>: Sila pressente que ela e seu filho correm perigo e decide fugir de Mardin. Mesmo em trabalho de parto, Sila corre para o aeroporto, mas \u00e9 seguida por Dihan. O vil\u00e3o pretende mat\u00e1-la antes que embarque. Boran consegue deter Dihan e atira contra o primo. Sila embarca, mas Boran \u00e9 detido. O avi\u00e3o de SIla pousa para que ela v\u00e1 para o hospital.<\/p>\n<p>No capitulo 072(*), novela \u201cSila\u201d, ter\u00e7a-feira, 28 de junho &#8211; Boran, com uma manobra muito arriscada, encontra Dihan antes dele matar Sila. Dihan e Boran tentam chegar ao aeroporto e se enfrentam no meio da estrada. Sila vai embora de Mardin. O chefe da tribo o tira o primo para fora do carro e dispara 3 vezes contra Dihan. Boran \u00e9 detido pela pol\u00edcia ap\u00f3s atirar em Dihan. Sila come\u00e7a a sentir muitas dores e o avi\u00e3o faz um pouso de emerg\u00eancia para o parto. <\/p>\n<p> Boran \u00e9 preso, o beb\u00ea de Sila nasce e Dihan \u00e9 operado. Esma liga para Dihan, a esposa atende e diz que ele levou um tiro. Narin visita Boran na pris\u00e3o e conta sobre o nascimento de Bedirhan. Celil \u00e9 seguido por homens Dihan. Boran se emociona.<\/p>\n<p>Os homens de Dihan descobrem onde Sila est\u00e1. Boran liga para Celil e percebe que algo est\u00e1 errado. Dilaver, irm\u00e3o de Dihan, chega ao hospital onde o beb\u00ea de Sila nasceu e entra no quarto com uma arma. Boran chega de surpresa e pega o filho nos bra\u00e7os. Boran volta para a pris\u00e3o e a fam\u00edlia comemora o nascimento de Bedirhan. Sila e Bedar aguardam a chegada de Celil para deixarem o hospital, mas o pai da protagonista n\u00e3o aparece porque foi sequestrado por homens Dihan.<\/p>\n<p>(*) edi\u00e7\u00e3o da Band, Novela \u201cSila\u201d, sujeito a altera\u00e7\u00e3o de data e conte\u00fado.<\/p>\n","protected":false},"excerpt":{"rendered":"<p>Novela \u201cSila\u201d resumo 28\/06: Sila pressente que ela e seu filho correm perigo e decide fugir de Mardin. Mesmo em trabalho de parto, Sila corre para o aeroporto, mas \u00e9 seguida por Dihan. O vil\u00e3o pretende mat\u00e1-la antes que embarque. Boran consegue deter Dihan e atira contra o primo. Sila embarca, mas Boran \u00e9 detido. [&hellip;]<\/p>\n","protected":false},"author":2,"featured_media":83098,"comment_status":"open","ping_status":"closed","sticky":false,"template":"","format":"standard","meta":{"tdm_status":"","tdm_grid_status":"","footnotes":""},"categories":[390,379,343],"tags":[441],"class_list":{"0":"post-89022","1":"post","2":"type-post","3":"status-publish","4":"format-standard","5":"has-post-thumbnail","7":"category-band","8":"category-novelas","9":"category-televisao","10":"tag-resumo-do-dia"},"_links":{"self":[{"href":"https:\/\/migracao.redenoticia.com.br\/noticia\/wp-json\/wp\/v2\/posts\/89022","targetHints":{"allow":["GET"]}}],"collection":[{"href":"https:\/\/migracao.redenoticia.com.br\/noticia\/wp-json\/wp\/v2\/posts"}],"about":[{"href":"https:\/\/migracao.redenoticia.com.br\/noticia\/wp-json\/wp\/v2\/types\/post"}],"author":[{"embeddable":true,"href":"https:\/\/migracao.redenoticia.com.br\/noticia\/wp-json\/wp\/v2\/users\/2"}],"replies":[{"embeddable":true,"href":"https:\/\/migracao.redenoticia.com.br\/noticia\/wp-json\/wp\/v2\/comments?post=89022"}],"version-history":[{"count":0,"href":"https:\/\/migracao.redenoticia.com.br\/noticia\/wp-json\/wp\/v2\/posts\/89022\/revisions"}],"wp:featuredmedia":[{"embeddable":true,"href":"https:\/\/migracao.redenoticia.com.br\/noticia\/wp-json\/wp\/v2\/media\/83098"}],"wp:attachment":[{"href":"https:\/\/migracao.redenoticia.com.br\/noticia\/wp-json\/wp\/v2\/media?parent=89022"}],"wp:term":[{"taxonomy":"category","embeddable":true,"href":"https:\/\/migracao.redenoticia.com.br\/noticia\/wp-json\/wp\/v2\/categories?post=89022"},{"taxonomy":"post_tag","embeddable":true,"href":"https:\/\/migracao.redenoticia.com.br\/noticia\/wp-json\/wp\/v2\/tags?post=89022"}],"curies":[{"name":"wp","href":"https:\/\/api.w.org\/{rel}","templated":true}]}}