{"id":89069,"date":"2016-06-28T10:15:31","date_gmt":"2016-06-28T13:15:31","guid":{"rendered":"http:\/\/www.redenoticia.com.br\/noticia\/?p=89069"},"modified":"2016-06-27T17:16:21","modified_gmt":"2016-06-27T20:16:21","slug":"faculdade-de-medicina-de-rio-preto-anuncia-datas-para-vestibular-2017","status":"publish","type":"post","link":"https:\/\/migracao.redenoticia.com.br\/noticia\/2016\/faculdade-de-medicina-de-rio-preto-anuncia-datas-para-vestibular-2017\/89069","title":{"rendered":"Faculdade de Medicina de Rio Preto anuncia datas para Vestibular 2017"},"content":{"rendered":"<p>Se voc\u00ea sonha em estudar na Faculdade de Medicina de S\u00e3o Jos\u00e9 do Rio Preto (Famerp), institui\u00e7\u00e3o estadual de ensino superior localizada no interior de S\u00e3o Paulo, uma boa not\u00edcia: foi divulgado o calend\u00e1rio do Vestibular 2017, que ser\u00e1 aplicado pela Funda\u00e7\u00e3o .<\/p>\n<p>As inscri\u00e7\u00f5es para o processo seletivo dos cursos de gradua\u00e7\u00e3o em Medicina e Enfermagem ser\u00e1 realizada de 9 de setembro a 14 de outubro.\u00a0Ser\u00e3o oferecidas 80 vagas para Medicina e 60 para Enfermagem.<\/p>\n<p>O edital com todas as informa\u00e7\u00f5es sobre o vestibular, como valores das inscri\u00e7\u00f5es e locais de prova, ser\u00e1 divulgado em agosto nos portais da\u00a0\u00a0e da\u00a0.<\/p>\n<p>A aplica\u00e7\u00e3o das provas, para os dois cursos, acontecer\u00e1 nos dias 12 e 13 de dezembro de 2016.<\/p>\n<p>Sobre a institui\u00e7\u00e3o<br \/>\nA Famerp foi fundada em 1968 e \u00e9 uma das mais tracionais faculdades de medicina do Brasil; j\u00e1 formou mais de 2,9 mil m\u00e9dicos e 1,2 mil enfermeiros. Hoje, a institui\u00e7\u00e3o recebe estudantes de 22 estados.<\/p>\n<p>Acesse o\u00a0.<\/p>\n<p>Do Portal do Governo do Estado SP<\/p>\n","protected":false},"excerpt":{"rendered":"<p>Se voc\u00ea sonha em estudar na Faculdade de Medicina de S\u00e3o Jos\u00e9 do Rio Preto (Famerp), institui\u00e7\u00e3o estadual de ensino superior localizada no interior de S\u00e3o Paulo, uma boa not\u00edcia: foi divulgado o calend\u00e1rio do Vestibular 2017, que ser\u00e1 aplicado pela Funda\u00e7\u00e3o . As inscri\u00e7\u00f5es para o processo seletivo dos cursos de gradua\u00e7\u00e3o em Medicina [&hellip;]<\/p>\n","protected":false},"author":2,"featured_media":57579,"comment_status":"open","ping_status":"closed","sticky":false,"template":"","format":"standard","meta":{"tdm_status":"","tdm_grid_status":"","footnotes":""},"categories":[22,370,295],"tags":[],"class_list":{"0":"post-89069","1":"post","2":"type-post","3":"status-publish","4":"format-standard","5":"has-post-thumbnail","7":"category-brasil","8":"category-inscricao","9":"category-vestibular"},"_links":{"self":[{"href":"https:\/\/migracao.redenoticia.com.br\/noticia\/wp-json\/wp\/v2\/posts\/89069","targetHints":{"allow":["GET"]}}],"collection":[{"href":"https:\/\/migracao.redenoticia.com.br\/noticia\/wp-json\/wp\/v2\/posts"}],"about":[{"href":"https:\/\/migracao.redenoticia.com.br\/noticia\/wp-json\/wp\/v2\/types\/post"}],"author":[{"embeddable":true,"href":"https:\/\/migracao.redenoticia.com.br\/noticia\/wp-json\/wp\/v2\/users\/2"}],"replies":[{"embeddable":true,"href":"https:\/\/migracao.redenoticia.com.br\/noticia\/wp-json\/wp\/v2\/comments?post=89069"}],"version-history":[{"count":0,"href":"https:\/\/migracao.redenoticia.com.br\/noticia\/wp-json\/wp\/v2\/posts\/89069\/revisions"}],"wp:featuredmedia":[{"embeddable":true,"href":"https:\/\/migracao.redenoticia.com.br\/noticia\/wp-json\/wp\/v2\/media\/57579"}],"wp:attachment":[{"href":"https:\/\/migracao.redenoticia.com.br\/noticia\/wp-json\/wp\/v2\/media?parent=89069"}],"wp:term":[{"taxonomy":"category","embeddable":true,"href":"https:\/\/migracao.redenoticia.com.br\/noticia\/wp-json\/wp\/v2\/categories?post=89069"},{"taxonomy":"post_tag","embeddable":true,"href":"https:\/\/migracao.redenoticia.com.br\/noticia\/wp-json\/wp\/v2\/tags?post=89069"}],"curies":[{"name":"wp","href":"https:\/\/api.w.org\/{rel}","templated":true}]}}