{"id":89079,"date":"2016-06-28T10:16:28","date_gmt":"2016-06-28T13:16:28","guid":{"rendered":"http:\/\/www.redenoticia.com.br\/noticia\/?p=89079"},"modified":"2016-06-27T17:28:26","modified_gmt":"2016-06-27T20:28:26","slug":"projeto-guri-sp-abre-inscricoes-para-sete-mil-vagas-gratuitas","status":"publish","type":"post","link":"https:\/\/migracao.redenoticia.com.br\/noticia\/2016\/projeto-guri-sp-abre-inscricoes-para-sete-mil-vagas-gratuitas\/89079","title":{"rendered":"Projeto Guri SP abre inscri\u00e7\u00f5es para sete mil vagas gratuitas"},"content":{"rendered":"<p> Mora no interior ou no litoral e tem interesse em desenvolver seu lado musical? O <strong><em>Projeto Guri<\/em><\/strong>, programa sociocultural da Secretaria de Estado da Cultura de S\u00e3o Paulo, abriu as inscri\u00e7\u00f5es para cursos gratuitos de instrumentos musicais, canto coral e inicia\u00e7\u00e3o musical (este dedicado \u00e0s crian\u00e7as de 6 a 8 anos), em mais de 300 polos de ensino no interior e litoral. S\u00e3o cerca de sete mil vagas.<\/p>\n<p>Para se inscrever, o interessado n\u00e3o precisa participar de processos seletivos nem possuir instrumento musical, basta estar matriculado em qualquer institui\u00e7\u00e3o de ensino da rede p\u00fablica ou particular do Estado de S\u00e3o Paulo. Para realizar a matr\u00edcula \u00e9 preciso que o futuro aluno v\u00e1 ao polo onde deseja estudar, acompanhado de pai, m\u00e3e ou respons\u00e1vel, com os seguintes documentos:<\/p>\n<p>&#8211; Certid\u00e3o de Nascimento ou RG do aluno (original e c\u00f3pia);<br \/>\n&#8211; Comprovante de matr\u00edcula escolar e\/ou Declara\u00e7\u00e3o de frequ\u00eancia escolar;<br \/>\n&#8211; RG do respons\u00e1vel (original e c\u00f3pia);<br \/>\n&#8211; Apresenta\u00e7\u00e3o do comprovante de endere\u00e7o para consulta.<\/p>\n<p>O in\u00edcio das aulas \u00e9 definido de acordo com a data de matr\u00edcula de cada aluno. Outras vagas podem abrir ao longo do per\u00edodo de matr\u00edculas por conta de desist\u00eancias, entre outros.<\/p>\n<p>O Programa, que atendeu em 2015 mais de 34 mil alunos no interior e litoral, tem centros de educa\u00e7\u00e3o musical nas regi\u00f5es de Ara\u00e7atuba, Itapeva, Mar\u00edlia, Jundia\u00ed, Presidente Prudente, S\u00e3o Jos\u00e9 do Rio Preto, S\u00e3o Jos\u00e9 dos Campos, Ribeir\u00e3o Preto, S\u00e3o Carlos, S\u00e3o Paulo e Sorocaba.<\/p>\n<p>Para obter mais informa\u00e7\u00f5es sobre os cursos oferecidos no polo da cidade de interesse e a disponibilidade de vagas de cada um, assim como seu endere\u00e7o e hor\u00e1rio de funcionamento, basta acessar\u00a0.<\/p>\n<p>As inscri\u00e7\u00f5es v\u00e3o at\u00e9 8 de julho.<\/p>\n<p>Confira abaixo a rela\u00e7\u00e3o completa das regi\u00f5es onde o Projeto Guri oferece vagas no primeiro semestre:<\/p>\n<p>Regional Ara\u00e7atuba<br \/>\nS\u00e3o 560 vagas dispon\u00edveis em 18 polos: Andradina, Avanhandava, Bento De Abreu, Birigui, Clementina, General Salgado, Guara\u00e7ai, Ilha Solteira, Jales, Lav\u00ednia, Luizi\u00e2nia, Murutinga do Sul, Pereira Barreto, Regional Ara\u00e7atuba, Santa Albertina, Santa F\u00e9 Do Sul, Sud Mennucci e Valparaiso.<\/p>\n<p>Regional Itapeva<br \/>\nS\u00e3o 275 vagas dispon\u00edveis em 14 polos: Buri, Cap\u00e3o Bonito, Fartura, Guapiara, Itaber\u00e1, Nova Campina, Piraju, Regional Itapeva, Ribeir\u00e3o Grande, Riversul, Sarutaia, Taquarituba, Taquariva\u00ed e Tejup\u00e1.<\/p>\n<p>Regional Jundia\u00ed<br \/>\nS\u00e3o 480 vagas dispon\u00edveis em 17 polos: Agua\u00ed, \u00c1guas De Lind\u00f3ia \u2013 Prefeitura, Bragan\u00e7a Paulista, Cabre\u00fava, Elias Fausto, Esp\u00edrito Santo Do Pinhal, Estiva Gerbi, Iracem\u00e1polis, Lind\u00f3ia, Monte Mor, Nova Odessa, Pedreira, Rafard \u2013 Prefeitura, Santa Barbara D&#8217;oeste, Santo Ant\u00f4nio De Posse, Sumar\u00e9 e Vinhedo.<\/p>\n<p>Regional Mar\u00edlia<br \/>\nS\u00e3o 528 vagas dispon\u00edveis em 21 polos: \u00c1lvaro De Carvalho, Assis, Bauru, C\u00e2ndido Mota, Gar\u00e7a, Hercul\u00e2ndia, Ibirarema, Maraca\u00ed, Oriente, Ourinhos, Palmital, Parapu\u00e3, Pomp\u00e9ia, Promiss\u00e3o, Quat\u00e1, Regional Mar\u00edlia, Sabino, Salto Grande, Santa Cruz Do Rio Pardo, Tup\u00e3 e Vera Cruz.<\/p>\n<p>Regional Presidente Prudente<br \/>\nS\u00e3o 1.126 vagas dispon\u00edveis em 28 polos: \u00c1lvares Machado, Dracena, Iep\u00ea, In\u00fabia Paulista, Jo\u00e3o Ramalho, Junqueir\u00f3polis, Lar Francisco Franco \u2013 Rancharia, Martin\u00f3polis, Mirante Do Paranapanema, Nantes, Narandiba, Osvaldo Cruz, Ouro Verde, Piquerobi, Pirapozinho, Presidente Bernardes, Presidente Venceslau, Regente Feij\u00f3, Regional Presidente Prudente, Rosana, Salmour\u00e3o, Sandovalina, Santo Anast\u00e1cio, Santo Expedito, Taciba, Tarabai, Teodoro Sampaio\/Pontal Do Paranapanema e Tupi Paulista.<\/p>\n<p>Regional Ribeir\u00e3o Preto<br \/>\nS\u00e3o 691 vagas dispon\u00edveis em 25 polos: Acif \u2013 Franca, Altin\u00f3polis, Batatais, Bebedouro, Brodowski, Cajuru, Cravinhos, Dumont, Guar\u00e1, Inst. Oswaldo Rib. de Mendon\u00e7a (Gua\u00edra), Ituverava, Jaborandi, Jaboticabal, Monte Alto, Monte Azul Paulista, Morro Agudo, Orl\u00e2ndia, Pitangueiras, Regional Ribeir\u00e3o Preto, Santa Rosa De Viterbo, S\u00e3o Joaquim Da Barra, S\u00e3o Sim\u00e3o, Sert\u00e3ozinho, Taquaritinga e Viradouro.<\/p>\n<p>Regional S\u00e3o Carlos<br \/>\nS\u00e3o 861 vagas dispon\u00edveis em 23 polos: Araraquara, Barra Bonita, Boa Esperan\u00e7a do Sul, Brotas, Caconde, Cordeir\u00f3polis, Dois C\u00f3rregos, Ibitinga, Igara\u00e7u Do Tiet\u00ea, Len\u00e7\u00f3is Paulista, Macatuba, Mineiros Do Tiet\u00ea, Pederneiras, Pirassununga, Regional Ja\u00fa, Regional S\u00e3o Carlos, Rinc\u00e3o, Rio Claro, Santa Maria da Serra, S\u00e3o Jos\u00e9 Do Rio Pardo, Tapiratiba, Torrinha e Vargem Grande do Sul.<\/p>\n<p>Regional S\u00e3o Jos\u00e9 do Rio Preto<br \/>\nS\u00e3o 659 vagas dispon\u00edveis em 21 polos: Altair, Barretos, Cosmorama, Fernand\u00f3polis, Guapia\u00e7u, Ibir\u00e1, Ipigu\u00e1, Jaci, Jose Bonif\u00e1cio, Mirassol, Neves Paulista, Nova Granada, Novo Horizonte, Onda Verde, Paulo De Faria, Regional S\u00e3o Jos\u00e9 do Rio Preto, Riol\u00e2ndia, Santa Ad\u00e9lia, Severinia, Ubarana e Urup\u00eas.<\/p>\n<p>Regional S\u00e3o Jos\u00e9 dos Campos<br \/>\nS\u00e3o 582 vagas dispon\u00edveis em 18 polos: Aparecida, Areias, Ca\u00e7apava, Cachoeira Paulista, Campos Do Jord\u00e3o, Cruzeiro, Distrito De Moreira C\u00e9sar, Fundacc \u2013 Caraguatatuba, Guaratinguet\u00e1, Ilha Bela, Lagoinha, Lorena, Natividade Da Serra, Paraibuna, Piquete, Regional S\u00e3o Jos\u00e9 dos Campos, Roseira, S\u00e3o Jos\u00e9 dos Campos, e Ubatuba-Prefeitura.<\/p>\n<p>Regional S\u00e3o Paulo<br \/>\nS\u00e3o 249 vagas dispon\u00edveis em 6 polos: Itanha\u00e9m, Itariri, Mongagu\u00e1, Pedro De Toledo, Regional Santos e S\u00e3o Vicente.<\/p>\n<p>Regional Sorocaba<br \/>\nS\u00e3o 805 vagas dispon\u00edveis em 19 polos: Ara\u00e7oiaba da Serra, Avar\u00e9, Botucatu, Capela Do Alto, Cerquilho, Cesim (Itapetininga), Conchas, Guare\u00ed, Ibi\u00fana, Iper\u00f3, Itu, Mairinque, Piedade, Regional Sorocaba, Salto, S\u00e3o Manuel, S\u00e3o Miguel Arcanjo, S\u00e3o Roque e Tiet\u00ea.<\/p>\n<p>Do Portal do Governo do Estado SP<\/p>\n","protected":false},"excerpt":{"rendered":"<p>Mora no interior ou no litoral e tem interesse em desenvolver seu lado musical? O Projeto Guri, programa sociocultural da Secretaria de Estado da Cultura de S\u00e3o Paulo, abriu as inscri\u00e7\u00f5es para cursos gratuitos de instrumentos musicais, canto coral e inicia\u00e7\u00e3o musical (este dedicado \u00e0s crian\u00e7as de 6 a 8 anos), em mais de 300 [&hellip;]<\/p>\n","protected":false},"author":2,"featured_media":28951,"comment_status":"open","ping_status":"closed","sticky":false,"template":"","format":"standard","meta":{"tdm_status":"","tdm_grid_status":"","footnotes":""},"categories":[22,351,370],"tags":[],"class_list":{"0":"post-89079","1":"post","2":"type-post","3":"status-publish","4":"format-standard","5":"has-post-thumbnail","7":"category-brasil","8":"category-cursos","9":"category-inscricao"},"_links":{"self":[{"href":"https:\/\/migracao.redenoticia.com.br\/noticia\/wp-json\/wp\/v2\/posts\/89079","targetHints":{"allow":["GET"]}}],"collection":[{"href":"https:\/\/migracao.redenoticia.com.br\/noticia\/wp-json\/wp\/v2\/posts"}],"about":[{"href":"https:\/\/migracao.redenoticia.com.br\/noticia\/wp-json\/wp\/v2\/types\/post"}],"author":[{"embeddable":true,"href":"https:\/\/migracao.redenoticia.com.br\/noticia\/wp-json\/wp\/v2\/users\/2"}],"replies":[{"embeddable":true,"href":"https:\/\/migracao.redenoticia.com.br\/noticia\/wp-json\/wp\/v2\/comments?post=89079"}],"version-history":[{"count":0,"href":"https:\/\/migracao.redenoticia.com.br\/noticia\/wp-json\/wp\/v2\/posts\/89079\/revisions"}],"wp:featuredmedia":[{"embeddable":true,"href":"https:\/\/migracao.redenoticia.com.br\/noticia\/wp-json\/wp\/v2\/media\/28951"}],"wp:attachment":[{"href":"https:\/\/migracao.redenoticia.com.br\/noticia\/wp-json\/wp\/v2\/media?parent=89079"}],"wp:term":[{"taxonomy":"category","embeddable":true,"href":"https:\/\/migracao.redenoticia.com.br\/noticia\/wp-json\/wp\/v2\/categories?post=89079"},{"taxonomy":"post_tag","embeddable":true,"href":"https:\/\/migracao.redenoticia.com.br\/noticia\/wp-json\/wp\/v2\/tags?post=89079"}],"curies":[{"name":"wp","href":"https:\/\/api.w.org\/{rel}","templated":true}]}}