{"id":8919,"date":"2009-08-17T14:06:14","date_gmt":"2009-08-17T18:06:14","guid":{"rendered":"http:\/\/www.redenoticia.com.br\/noticia\/?p=8919"},"modified":"2009-08-17T14:06:14","modified_gmt":"2009-08-17T18:06:14","slug":"renault-lanca-programa-de-trainees-2009","status":"publish","type":"post","link":"https:\/\/migracao.redenoticia.com.br\/noticia\/2009\/renault-lanca-programa-de-trainees-2009\/8919","title":{"rendered":"Renault lan\u00e7a  Programa de Trainees 2009"},"content":{"rendered":"<p>A Renault do Brasil lan\u00e7a esta semana a quarta edi\u00e7\u00e3o do Programa de Trainees, com vagas distribu\u00eddas em \u00e1reas como Engenharia, Fabrica\u00e7\u00e3o, Compras e Recursos Humanos, entre outros. O programa tem como proposta estimular jovens talentos a ingressar no mercado de trabalho e desenvolver as capacidades profissionais dos participantes para atuar em posi\u00e7\u00f5es estrat\u00e9gicas na empresa. As oportunidades oferecidas s\u00e3o para atuar no Complexo Ayrton Senna, em S\u00e3o Jos\u00e9 dos Pinhais (PR).<\/p>\n<p>Para participar do processo de sele\u00e7\u00e3o, os interessados devem se candidatar no site da Renault do Brasil, em\u00a0<a href=\"http:\/\/www.renault.com.br\/\" target=\"_blank\">www.renault.com.br<\/a>, link \u201cMais Renault \u2013 Trabalhe Conosco\u201d. O prazo para inscri\u00e7\u00f5es encerra-se em 20 de setembro de 2009.<\/p>\n<p>Os requisitos para candidatura s\u00e3o: forma\u00e7\u00e3o superior &#8211; entre dezembro de 2006 e dezembro de 2009 \u2013 nas \u00e1reas de engenharia, tecnologia mec\u00e2nica, mecatr\u00f4nica, automa\u00e7\u00e3o industrial, el\u00e9trica, eletr\u00f4nica, desenho industrial, administra\u00e7\u00e3o, economia, ci\u00eancias cont\u00e1beis, rela\u00e7\u00f5es internacionais, com\u00e9rcio exterior, psicologia e direito, dom\u00ednio de ingl\u00eas ou franc\u00eas e dos principais aplicativos de inform\u00e1tica (pacote Microsoft Office). Ser\u00e1 valorizada p\u00f3s-gradua\u00e7\u00e3o, em curso ou conclu\u00edda. As etapas de sele\u00e7\u00e3o incluem provas on-line, din\u00e2mica de grupo e entrevistas.<\/p>\n<p>Os candidatos selecionados iniciar\u00e3o as atividades em janeiro de 2010, e o per\u00edodo de capacita\u00e7\u00e3o tem dura\u00e7\u00e3o de 18 meses.<\/p>\n","protected":false},"excerpt":{"rendered":"<p>A Renault do Brasil lan\u00e7a esta semana a quarta edi\u00e7\u00e3o do Programa de Trainees, com vagas distribu\u00eddas em \u00e1reas como Engenharia, Fabrica\u00e7\u00e3o, Compras e Recursos Humanos, entre outros. O programa tem como proposta estimular jovens talentos a ingressar no mercado de trabalho e desenvolver as capacidades profissionais dos participantes para atuar em posi\u00e7\u00f5es estrat\u00e9gicas na [&hellip;]<\/p>\n","protected":false},"author":2,"featured_media":0,"comment_status":"open","ping_status":"open","sticky":false,"template":"","format":"standard","meta":{"tdm_status":"","tdm_grid_status":"","footnotes":""},"categories":[7],"tags":[],"class_list":{"0":"post-8919","1":"post","2":"type-post","3":"status-publish","4":"format-standard","6":"category-economia"},"_links":{"self":[{"href":"https:\/\/migracao.redenoticia.com.br\/noticia\/wp-json\/wp\/v2\/posts\/8919","targetHints":{"allow":["GET"]}}],"collection":[{"href":"https:\/\/migracao.redenoticia.com.br\/noticia\/wp-json\/wp\/v2\/posts"}],"about":[{"href":"https:\/\/migracao.redenoticia.com.br\/noticia\/wp-json\/wp\/v2\/types\/post"}],"author":[{"embeddable":true,"href":"https:\/\/migracao.redenoticia.com.br\/noticia\/wp-json\/wp\/v2\/users\/2"}],"replies":[{"embeddable":true,"href":"https:\/\/migracao.redenoticia.com.br\/noticia\/wp-json\/wp\/v2\/comments?post=8919"}],"version-history":[{"count":0,"href":"https:\/\/migracao.redenoticia.com.br\/noticia\/wp-json\/wp\/v2\/posts\/8919\/revisions"}],"wp:attachment":[{"href":"https:\/\/migracao.redenoticia.com.br\/noticia\/wp-json\/wp\/v2\/media?parent=8919"}],"wp:term":[{"taxonomy":"category","embeddable":true,"href":"https:\/\/migracao.redenoticia.com.br\/noticia\/wp-json\/wp\/v2\/categories?post=8919"},{"taxonomy":"post_tag","embeddable":true,"href":"https:\/\/migracao.redenoticia.com.br\/noticia\/wp-json\/wp\/v2\/tags?post=8919"}],"curies":[{"name":"wp","href":"https:\/\/api.w.org\/{rel}","templated":true}]}}