{"id":8930,"date":"2009-08-17T14:41:57","date_gmt":"2009-08-17T18:41:57","guid":{"rendered":"http:\/\/www.redenoticia.com.br\/noticia\/?p=8930"},"modified":"2009-08-17T14:41:57","modified_gmt":"2009-08-17T18:41:57","slug":"site-especializado-em-relacionamentos-amorosos-se-transforma-em-programa-de-televisao-via-web","status":"publish","type":"post","link":"https:\/\/migracao.redenoticia.com.br\/noticia\/2009\/site-especializado-em-relacionamentos-amorosos-se-transforma-em-programa-de-televisao-via-web\/8930","title":{"rendered":"Site especializado em relacionamentos amorosos se transforma em programa de televis\u00e3o via web"},"content":{"rendered":"<p><a href=\"https:\/\/migracao.redenoticia.com.br\/noticia\/imagens\/\/blogueira.jpg\"><img loading=\"lazy\" decoding=\"async\" class=\"alignleft size-full wp-image-8931\" title=\"blogueira\" src=\"https:\/\/migracao.redenoticia.com.br\/noticia\/imagens\/\/blogueira.jpg\" alt=\"blogueira\" width=\"150\" height=\"113\" \/><\/a>A partir do dia 24 de agosto ir\u00e1 ao ar pela D+TV o programa &#8220;Vai Ser Feliz&#8221;, apresentado pela escritora, consultora emocional e blogueira Rennata Alarcon. A atra\u00e7\u00e3o semanal testar\u00e1 no formato de televis\u00e3o via internet a mesma tem\u00e1tica do site com o mesmo nome (www.vaiserfeliz.com.br), lan\u00e7ado no final de junho. Ele abordar\u00e1 temas ligados a relacionamentos amorosos de forma bem humorada e contar\u00e1 com participa\u00e7\u00f5es especiais.<br \/>\nEm uma hora de dura\u00e7\u00e3o o programa ter\u00e1 quadros fixos com os mesmos nomes e a mesma din\u00e2mica do site. Um dos destaques \u00e9 o &#8220;Fale com Eles&#8221; que traz a vis\u00e3o masculina da problem\u00e1tica dos namoros e casamentos.<\/p>\n<p>Num formato reality show o programa apresentar\u00e1 tamb\u00e9m o dia a dia de uma noiva e seus preparativos \u00e0s v\u00e9speras do casamento. Al\u00e9m disso, bandas independentes participar\u00e3o dando entrevistas e tocando suas m\u00fasicas. &#8220;A ideia do programa \u00e9 usar mais uma m\u00eddia como canal de divulga\u00e7\u00e3o para auxiliar as pessoas na busca por relacionamentos est\u00e1veis, pois isto \u00e9 o que muita gente busca e est\u00e1 cada vez mais dif\u00edcil de conseguir&#8221; afirma Rennata.<\/p>\n<p>Ela afirma que a proposta \u00e9 dar sequ\u00eancia ao trabalho que j\u00e1 realiza no blog Deu Errado, no site Vai Ser Feliz e no livro Homens Idiotas que voc\u00ea precisa (ou n\u00e3o) conhecer antes de morrer. &#8220;A TV ir\u00e1 ampliar a possibilidade de interatividade e uso de imagens, tornando o conte\u00fado ainda mais interessante para o p\u00fablico&#8221;, disse.<\/p>\n<p>O &#8220;Vai Ser Feliz&#8221; ir\u00e1 ao ar toda segunda-feira das 20h \u00e0s 21h pelo Canal Web D+TV no www.demaistv.com.br.<\/p>\n<p>Sobre Rennata Alarcon\u00a0\u00e9 publicit\u00e1ria, tem 33 anos e ministra palestras sobre auto-estima para mulheres. Em agosto de 2008 ela colocou no ar o Blog &#8220;Deu Errado&#8221; que orienta e responde a d\u00favidas de mulheres de todas as idades sobre relacionamentos amorosos e outros problemas emocionais. Em 2008 Rennata lan\u00e7ou, pela editora Livropronto, de S\u00e3o Paulo, seu primeiro livro chamado &#8220;Homens Idiotas que voc\u00ea precisa (ou n\u00e3o) conhecer antes de morrer&#8221;. Ele narra epis\u00f3dios engra\u00e7ados vividos pela pr\u00f3pria autora e foi assunto de entrevista no Programa do J\u00f4 (Soares) (http:\/\/br.youtube.com\/watch?v=S70VywIaIHE). A obra pode ser encontrada no site www.livropronto.com.br<\/p>\n","protected":false},"excerpt":{"rendered":"<p>A partir do dia 24 de agosto ir\u00e1 ao ar pela D+TV o programa &#8220;Vai Ser Feliz&#8221;, apresentado pela escritora, consultora emocional e blogueira Rennata Alarcon. A atra\u00e7\u00e3o semanal testar\u00e1 no formato de televis\u00e3o via internet a mesma tem\u00e1tica do site com o mesmo nome (www.vaiserfeliz.com.br), lan\u00e7ado no final de junho. Ele abordar\u00e1 temas ligados [&hellip;]<\/p>\n","protected":false},"author":3,"featured_media":0,"comment_status":"open","ping_status":"open","sticky":false,"template":"","format":"standard","meta":{"tdm_status":"","tdm_grid_status":"","footnotes":""},"categories":[22,343],"tags":[],"class_list":{"0":"post-8930","1":"post","2":"type-post","3":"status-publish","4":"format-standard","6":"category-brasil","7":"category-televisao"},"_links":{"self":[{"href":"https:\/\/migracao.redenoticia.com.br\/noticia\/wp-json\/wp\/v2\/posts\/8930","targetHints":{"allow":["GET"]}}],"collection":[{"href":"https:\/\/migracao.redenoticia.com.br\/noticia\/wp-json\/wp\/v2\/posts"}],"about":[{"href":"https:\/\/migracao.redenoticia.com.br\/noticia\/wp-json\/wp\/v2\/types\/post"}],"author":[{"embeddable":true,"href":"https:\/\/migracao.redenoticia.com.br\/noticia\/wp-json\/wp\/v2\/users\/3"}],"replies":[{"embeddable":true,"href":"https:\/\/migracao.redenoticia.com.br\/noticia\/wp-json\/wp\/v2\/comments?post=8930"}],"version-history":[{"count":0,"href":"https:\/\/migracao.redenoticia.com.br\/noticia\/wp-json\/wp\/v2\/posts\/8930\/revisions"}],"wp:attachment":[{"href":"https:\/\/migracao.redenoticia.com.br\/noticia\/wp-json\/wp\/v2\/media?parent=8930"}],"wp:term":[{"taxonomy":"category","embeddable":true,"href":"https:\/\/migracao.redenoticia.com.br\/noticia\/wp-json\/wp\/v2\/categories?post=8930"},{"taxonomy":"post_tag","embeddable":true,"href":"https:\/\/migracao.redenoticia.com.br\/noticia\/wp-json\/wp\/v2\/tags?post=8930"}],"curies":[{"name":"wp","href":"https:\/\/api.w.org\/{rel}","templated":true}]}}