{"id":8934,"date":"2009-08-17T15:03:21","date_gmt":"2009-08-17T19:03:21","guid":{"rendered":"http:\/\/www.redenoticia.com.br\/noticia\/?p=8934"},"modified":"2009-08-17T15:03:21","modified_gmt":"2009-08-17T19:03:21","slug":"concurso-publico-para-agente-municipal-de-transito-em-porto-velho-ultimos-dias","status":"publish","type":"post","link":"https:\/\/migracao.redenoticia.com.br\/noticia\/2009\/concurso-publico-para-agente-municipal-de-transito-em-porto-velho-ultimos-dias\/8934","title":{"rendered":"Concurso Publico para Agente Municipal de Tr\u00e2nsito em Porto Velho &#8211; \u00faltimos dias!"},"content":{"rendered":"<p>Est\u00e3o abertas as inscri\u00e7\u00f5es nas ag\u00eancias credenciadas dos Correios (ver abaixo) ou pelo portal<a href=\"http:\/\/www.funcab.org\" target=\"_blank\">www.funcab.org<\/a> at\u00e9 19 de agosto\/2009. S\u00e3o 50 vagas imediatas e 80 para cadastro reserva (Regime Estatut\u00e1rio). Carga hor\u00e1ria de 40 horas semanais. N\u00edvel de escolaridade: Ensino M\u00e9dio completo. A taxa de inscri\u00e7\u00e3o ser\u00e1 de R$ 40,00 (quarenta reais).<\/p>\n<p>O Concurso ser\u00e1 composto das seguintes fases e etapas: 1\u00aa Fase: 1\u00aa Etapa \u2013 Prova Objetiva; 2\u00aa Etapa \u2013 Teste de Aptid\u00e3o F\u00edsica; 3\u00aa Etapa \u2013 Avalia\u00e7\u00e3o Psicol\u00f3gica. 2\u00aa Fase: Curso de Forma\u00e7\u00e3o Profissional (todas as etapas ser\u00e3o aplicadas em Porto Velho.<\/p>\n<p>Os candidatos que efetivaram inscri\u00e7\u00e3o para o cargo de Agente Municipal de Tr\u00e2nsito, no Concurso P\u00fablico &#8211; Edital n\u00ba 46\/2009\/SEMAD ser\u00e3o automaticamente considerados inscritos no presente Concurso P\u00fablico. Aquele que tiver solicitado isen\u00e7\u00e3o da taxa de inscri\u00e7\u00e3o, tamb\u00e9m no concurso mencionado, ter\u00e1 seu processo automaticamente remanejado para o presente Concurso. O candidato que tiver efetuado sua inscri\u00e7\u00e3o anteriormente e que n\u00e3o desejar permanecer no presente Concurso ter\u00e1 direito ao ressarcimento da taxa de inscri\u00e7\u00e3o paga, devendo, para isso, fazer sua solicita\u00e7\u00e3o no Posto de Atendimento ou por e-mail ou fax (21) 2621-0966, informando os dados banc\u00e1rios completos.<\/p>\n<p>N\u00e3o ser\u00e1 concedida isen\u00e7\u00e3o total ou parcial da taxa de inscri\u00e7\u00e3o, ressalvado o caso de Doadores de Sangue, previsto na Lei n\u00ba 1.505 de 13 de mar\u00e7o de 2003, do Munic\u00edpio de Porto Velho em vigor, regulamentada pelo Decreto n\u00ba 10.773 de 25\/07\/2007.\u00a0Os interessados em obter a isen\u00e7\u00e3o do pagamento da taxa de inscri\u00e7\u00e3o, por serem\u00a0Doadores de Sangue, dever\u00e3o cumprir os crit\u00e9rios constantes no Edital.<\/p>\n<p>\u00c0s pessoas portadoras de defici\u00eancia, amparadas pelo inciso VIII do artigo 37, da Constitui\u00e7\u00e3o Federal, na forma da Lei n\u00b0. 515 de 4 de outubro de 1993 e,\u00a0\u00a0nos termos do presente Edital, ser\u00e1 reservado o percentual de 10% (dez por cento) do total das vagas oferecidas no Concurso P\u00fablico, em obedi\u00eancia \u00e0 Lei Org\u00e2nica do Munic\u00edpio.<\/p>\n<p>Posto de Atendimento; Avenida Sete de Setembro, n\u00ba 830 \u2013 Centro \u2013 Porto Velho\/RO (de segunda \u00e0 sexta-feira, exceto feriados, de 8h \u00e0s 12h e de 14h \u00e0s 18h).<\/p>\n<p>AG\u00caNCIAS CREDENCIADAS DOS CORREIOS PARA AS INSCRI\u00c7\u00d5ES<\/p>\n<p>AC Central de Porto Celho \u2013 Av. Pres. Dutra, 2701 \u2013 Centro \u2013 Porto Velho<\/p>\n<p>AC Vila Extrema \u2013 Rua Abun\u00e3, 3107, setor 03 \u2013 Centro \u2013 Extrema<\/p>\n<p>AC Jatuarana \u2013 Rua Jatuarana, 4051 \u2013 Jardim Eldorado \u2013 Porto Velho<\/p>\n<p>AC Tancredo Neves \u2013 Rua Jos\u00e9 Amador dos Reis, 3606 \u2013 Tancredo Neves \u2013 Porto Velho<\/p>\n<p>AC S. Sebasti\u00e3o \u2013 Av. dos Imigrantes, 2137 \u2013 S. Sebasti\u00e3o I\u00a0\u00a0&#8211; Porto Velho<\/p>\n<p>AC Ulisses Guimar\u00e3es \u2013 Rua Afonso Riveros, 2465 \u2013 Ulisses Guimar\u00e3es \u2013 Porto Velho<\/p>\n<p>AC Salgado Filho \u2013 Av. Na\u00e7\u00f5es Unidas, 294 \u2013 N.Sra.das Gra\u00e7as \u2013 Porto Velho<\/p>\n<p><strong> <\/strong><\/p>\n<p>Os candidatos poder\u00e3o obter informa\u00e7\u00f5es gerais referentes ao Concurso P\u00fablico atrav\u00e9s do<\/p>\n<p>portal\u00a0<a href=\"http:\/\/www.funcab.org\" target=\"_blank\">www.funcab.org<\/a> ou por meio do telefone (21) 2621-0966 e\u00a0(69) 3224-5460.<\/p>\n","protected":false},"excerpt":{"rendered":"<p>Est\u00e3o abertas as inscri\u00e7\u00f5es nas ag\u00eancias credenciadas dos Correios (ver abaixo) ou pelo portalwww.funcab.org at\u00e9 19 de agosto\/2009. S\u00e3o 50 vagas imediatas e 80 para cadastro reserva (Regime Estatut\u00e1rio). Carga hor\u00e1ria de 40 horas semanais. N\u00edvel de escolaridade: Ensino M\u00e9dio completo. A taxa de inscri\u00e7\u00e3o ser\u00e1 de R$ 40,00 (quarenta reais). O Concurso ser\u00e1 composto [&hellip;]<\/p>\n","protected":false},"author":2,"featured_media":0,"comment_status":"open","ping_status":"open","sticky":false,"template":"","format":"standard","meta":{"tdm_status":"","tdm_grid_status":"","footnotes":""},"categories":[22],"tags":[],"class_list":{"0":"post-8934","1":"post","2":"type-post","3":"status-publish","4":"format-standard","6":"category-brasil"},"_links":{"self":[{"href":"https:\/\/migracao.redenoticia.com.br\/noticia\/wp-json\/wp\/v2\/posts\/8934","targetHints":{"allow":["GET"]}}],"collection":[{"href":"https:\/\/migracao.redenoticia.com.br\/noticia\/wp-json\/wp\/v2\/posts"}],"about":[{"href":"https:\/\/migracao.redenoticia.com.br\/noticia\/wp-json\/wp\/v2\/types\/post"}],"author":[{"embeddable":true,"href":"https:\/\/migracao.redenoticia.com.br\/noticia\/wp-json\/wp\/v2\/users\/2"}],"replies":[{"embeddable":true,"href":"https:\/\/migracao.redenoticia.com.br\/noticia\/wp-json\/wp\/v2\/comments?post=8934"}],"version-history":[{"count":0,"href":"https:\/\/migracao.redenoticia.com.br\/noticia\/wp-json\/wp\/v2\/posts\/8934\/revisions"}],"wp:attachment":[{"href":"https:\/\/migracao.redenoticia.com.br\/noticia\/wp-json\/wp\/v2\/media?parent=8934"}],"wp:term":[{"taxonomy":"category","embeddable":true,"href":"https:\/\/migracao.redenoticia.com.br\/noticia\/wp-json\/wp\/v2\/categories?post=8934"},{"taxonomy":"post_tag","embeddable":true,"href":"https:\/\/migracao.redenoticia.com.br\/noticia\/wp-json\/wp\/v2\/tags?post=8934"}],"curies":[{"name":"wp","href":"https:\/\/api.w.org\/{rel}","templated":true}]}}