{"id":8942,"date":"2009-08-17T15:08:33","date_gmt":"2009-08-17T19:08:33","guid":{"rendered":"http:\/\/www.redenoticia.com.br\/noticia\/?p=8942"},"modified":"2009-08-17T15:08:33","modified_gmt":"2009-08-17T19:08:33","slug":"1%c2%ba-semestre-de-cinema-na-escola-sao-paulo","status":"publish","type":"post","link":"https:\/\/migracao.redenoticia.com.br\/noticia\/2009\/1%c2%ba-semestre-de-cinema-na-escola-sao-paulo\/8942","title":{"rendered":"1\u00ba semestre de cinema na escola S\u00e3o Paulo"},"content":{"rendered":"<p>O curso abordar\u00e1 os principais campos do pensar<\/p>\n<p>e fazer cinema por meio de aulas e palestras ministradas por renomados profissionais do meio cinematogr\u00e1fico.<\/p>\n<p>Na parte te\u00f3rica ser\u00e3o abordados os seguintes temas:<\/p>\n<p>hist\u00f3ria e linguagem do cinema, roteiro, fotografia, dire\u00e7\u00e3o de arte, montagem, dire\u00e7\u00e3o de atores, edi\u00e7\u00e3o de som, m\u00fasica e film business.<\/p>\n<p>As aulas pr\u00e1ticas, ministradas por Philippe Barcinski e\/ou Marco Del Fiol,<\/p>\n<p>s\u00e3o compostas por uma s\u00e9rie de exerc\u00edcios pr\u00e1ticos de fotografia, edi\u00e7\u00e3o de v\u00eddeo, roteiro, dramaturgia, dire\u00e7\u00e3o de atores, document\u00e1rio e som,<\/p>\n<p>al\u00e9m da produ\u00e7\u00e3o de pequenos curtas-metragens em v\u00eddeo.<\/p>\n<p>Pede-se aos alunos trazerem suas c\u00e2meras \u00e0s aulas pr\u00e1ticas.<\/p>\n<p>Qualquer c\u00e2mera de qualquer formato pode ser utilizada, inclusive c\u00e2meras fotogr\u00e1ficas que gravem v\u00eddeo,<\/p>\n<p>c\u00e2meras de v\u00eddeo que tirem fotos e telefones celulares.<\/p>\n<p>para detalhamento das aulas e informa\u00e7\u00f5es sobre os professores acese:<\/p>\n<p><a href=\"http:\/\/www.escolasaopaulo.org\/atividades\/1-semestre-de-cinema\/1-semestre-de-cinema-teorico-e-pratico\" target=\"_blank\">http:\/\/www.escolasaopaulo.org\/atividades\/1-semestre-de-cinema\/1-semestre-de-cinema-teorico-e-pratico<\/a><\/p>\n<p>Data: de 1 de\u00a0setembro a 3 de dezembro | 3\u00aa e 5\u00aa feira<\/p>\n<p>Hor\u00e1rio: das 15h \u00e0s 18h<\/p>\n<p>29 aulas | 87 horas<\/p>\n<p>Pre\u00e7o: R$ 550 matr\u00edcula + 5 parcelas de R$ 550<\/p>\n<p><strong>Local<\/strong>: Escola S\u00e3o Paulo<\/p>\n<p>Rua Augusta, 2239<\/p>\n<p>Informa\u00e7\u00f5es e Reservas: (11) 3060.3636<\/p>\n","protected":false},"excerpt":{"rendered":"<p>O curso abordar\u00e1 os principais campos do pensar e fazer cinema por meio de aulas e palestras ministradas por renomados profissionais do meio cinematogr\u00e1fico. Na parte te\u00f3rica ser\u00e3o abordados os seguintes temas: hist\u00f3ria e linguagem do cinema, roteiro, fotografia, dire\u00e7\u00e3o de arte, montagem, dire\u00e7\u00e3o de atores, edi\u00e7\u00e3o de som, m\u00fasica e film business. As aulas [&hellip;]<\/p>\n","protected":false},"author":2,"featured_media":0,"comment_status":"open","ping_status":"open","sticky":false,"template":"","format":"standard","meta":{"tdm_status":"","tdm_grid_status":"","footnotes":""},"categories":[22],"tags":[],"class_list":{"0":"post-8942","1":"post","2":"type-post","3":"status-publish","4":"format-standard","6":"category-brasil"},"_links":{"self":[{"href":"https:\/\/migracao.redenoticia.com.br\/noticia\/wp-json\/wp\/v2\/posts\/8942","targetHints":{"allow":["GET"]}}],"collection":[{"href":"https:\/\/migracao.redenoticia.com.br\/noticia\/wp-json\/wp\/v2\/posts"}],"about":[{"href":"https:\/\/migracao.redenoticia.com.br\/noticia\/wp-json\/wp\/v2\/types\/post"}],"author":[{"embeddable":true,"href":"https:\/\/migracao.redenoticia.com.br\/noticia\/wp-json\/wp\/v2\/users\/2"}],"replies":[{"embeddable":true,"href":"https:\/\/migracao.redenoticia.com.br\/noticia\/wp-json\/wp\/v2\/comments?post=8942"}],"version-history":[{"count":0,"href":"https:\/\/migracao.redenoticia.com.br\/noticia\/wp-json\/wp\/v2\/posts\/8942\/revisions"}],"wp:attachment":[{"href":"https:\/\/migracao.redenoticia.com.br\/noticia\/wp-json\/wp\/v2\/media?parent=8942"}],"wp:term":[{"taxonomy":"category","embeddable":true,"href":"https:\/\/migracao.redenoticia.com.br\/noticia\/wp-json\/wp\/v2\/categories?post=8942"},{"taxonomy":"post_tag","embeddable":true,"href":"https:\/\/migracao.redenoticia.com.br\/noticia\/wp-json\/wp\/v2\/tags?post=8942"}],"curies":[{"name":"wp","href":"https:\/\/api.w.org\/{rel}","templated":true}]}}