{"id":8945,"date":"2009-08-17T15:10:28","date_gmt":"2009-08-17T19:10:28","guid":{"rendered":"http:\/\/www.redenoticia.com.br\/noticia\/?p=8945"},"modified":"2009-08-17T15:10:28","modified_gmt":"2009-08-17T19:10:28","slug":"oi-fashion-rocks-confirma-givenchy-e-calvin-klein","status":"publish","type":"post","link":"https:\/\/migracao.redenoticia.com.br\/noticia\/2009\/oi-fashion-rocks-confirma-givenchy-e-calvin-klein\/8945","title":{"rendered":"Oi Fashion Rocks confirma Givenchy e Calvin Klein"},"content":{"rendered":"<p>Est\u00e3o confirmados as duas marcas que completam a lista de designers internacionais da primeira edi\u00e7\u00e3o do Oi Fashion Rocks Brasil:\u00a0<strong>Calvin Klein<\/strong> e\u00a0<strong>Givenchy<\/strong>. A Calvin Klein tem como estilista um mineiro, Francisco Costa, que hoje \u00e9 o respons\u00e1vel pela grife americana e seu sucesso em todo mundo. J\u00e1 a francesa Givenchy trar\u00e1 ao Brasil o requinte e glamour da marca que, entre seus destaques, vestiu Madonna na turn\u00ea mundial Sticky &amp; Sweet.<\/p>\n<p>A grife italiana Versace e o americano Marc Jacobs s\u00e3o os outros representantes da moda internacional j\u00e1 confirmados. Juntam-se ainda a este time de peso os brasileiros Lino Villaventura, Andr\u00e9 Lima, Lenny e Alexandre Herchcovitch.<\/p>\n<p>Estes talentos subir\u00e3o ao palco acompanhados de oito atra\u00e7\u00f5es musicais (quatro nacionais e quatro internacionais). Nesta seara, entre as estrelas do mundo pop que j\u00e1 fecharam suas agendas para o evento est\u00e1 a cantora Mariah Carey. O Oi Fashion Rocks\u00a0ser\u00e1 realizado\u00a0no dia 24 de outubro, no Jockey Cklub do Rio de Janeiro.<\/p>\n","protected":false},"excerpt":{"rendered":"<p>Est\u00e3o confirmados as duas marcas que completam a lista de designers internacionais da primeira edi\u00e7\u00e3o do Oi Fashion Rocks Brasil:\u00a0Calvin Klein e\u00a0Givenchy. A Calvin Klein tem como estilista um mineiro, Francisco Costa, que hoje \u00e9 o respons\u00e1vel pela grife americana e seu sucesso em todo mundo. J\u00e1 a francesa Givenchy trar\u00e1 ao Brasil o requinte [&hellip;]<\/p>\n","protected":false},"author":2,"featured_media":0,"comment_status":"open","ping_status":"open","sticky":false,"template":"","format":"standard","meta":{"tdm_status":"","tdm_grid_status":"","footnotes":""},"categories":[22,7],"tags":[],"class_list":{"0":"post-8945","1":"post","2":"type-post","3":"status-publish","4":"format-standard","6":"category-brasil","7":"category-economia"},"_links":{"self":[{"href":"https:\/\/migracao.redenoticia.com.br\/noticia\/wp-json\/wp\/v2\/posts\/8945","targetHints":{"allow":["GET"]}}],"collection":[{"href":"https:\/\/migracao.redenoticia.com.br\/noticia\/wp-json\/wp\/v2\/posts"}],"about":[{"href":"https:\/\/migracao.redenoticia.com.br\/noticia\/wp-json\/wp\/v2\/types\/post"}],"author":[{"embeddable":true,"href":"https:\/\/migracao.redenoticia.com.br\/noticia\/wp-json\/wp\/v2\/users\/2"}],"replies":[{"embeddable":true,"href":"https:\/\/migracao.redenoticia.com.br\/noticia\/wp-json\/wp\/v2\/comments?post=8945"}],"version-history":[{"count":0,"href":"https:\/\/migracao.redenoticia.com.br\/noticia\/wp-json\/wp\/v2\/posts\/8945\/revisions"}],"wp:attachment":[{"href":"https:\/\/migracao.redenoticia.com.br\/noticia\/wp-json\/wp\/v2\/media?parent=8945"}],"wp:term":[{"taxonomy":"category","embeddable":true,"href":"https:\/\/migracao.redenoticia.com.br\/noticia\/wp-json\/wp\/v2\/categories?post=8945"},{"taxonomy":"post_tag","embeddable":true,"href":"https:\/\/migracao.redenoticia.com.br\/noticia\/wp-json\/wp\/v2\/tags?post=8945"}],"curies":[{"name":"wp","href":"https:\/\/api.w.org\/{rel}","templated":true}]}}