{"id":8948,"date":"2009-08-17T15:15:19","date_gmt":"2009-08-17T19:15:19","guid":{"rendered":"http:\/\/www.redenoticia.com.br\/noticia\/?p=8948"},"modified":"2009-08-17T15:15:19","modified_gmt":"2009-08-17T19:15:19","slug":"exposicao-conta-historia-do-bom-retiro","status":"publish","type":"post","link":"https:\/\/migracao.redenoticia.com.br\/noticia\/2009\/exposicao-conta-historia-do-bom-retiro\/8948","title":{"rendered":"Exposi\u00e7\u00e3o conta hist\u00f3ria do Bom Retiro"},"content":{"rendered":"<p>A partir do dia 10 de agosto, o bairro do Bom Retiro, na regi\u00e3o central da capital paulista, recebe homenagem do Museu da Energia de S\u00e3o Paulo da Funda\u00e7\u00e3o Energia e Saneamento, com a exposi\u00e7\u00e3o\u00a0<em>Bom Retiro, uma costura de povos.<\/em> A mostra, que ficar\u00e1\u00a0 aberta ao p\u00fablico at\u00e9 janeiro de 2010, apresenta as diversas faces de um bairro cujo tra\u00e7o principal \u00e9 a conviv\u00eancia de diferentes culturas, resultado do processo de acolhimento de imigrantes de v\u00e1rias partes do mundo.<\/p>\n<p>Ao retratar a vida das pessoas que moram e trabalham ali, o Museu da Energia identifica e exibe um dos mais importantes patrim\u00f4nios da cidade: o modo como os seres humanos constroem suas hist\u00f3rias e d\u00e3o sentido a tudo que est\u00e1 ao seu redor. Neste caso espec\u00edfico, fazendo com que a mistura de povos trouxesse diferentes culturas, costumes e sonhos, que acabaram fazendo do bairro um lugar t\u00e3o especial.<\/p>\n<p>A exposi\u00e7\u00e3o leva o visitante a mergulhar em uma colcha de retalhos cultural, tecida sob a influ\u00eancia de diferentes nacionalidades e retrata o \u00faltimo quarto do s\u00e9culo XIX , quando imigrantes se estabeleceram no bairro, motivados pelo desejo de construir uma vida nova, at\u00e9 os dias de hoje com o com\u00e9rcio da regi\u00e3o dominado pela confec\u00e7\u00e3o de roupas.<\/p>\n<p>\u00c9 poss\u00edvel tamb\u00e9m perceber o quanto a localiza\u00e7\u00e3o do bairro era privilegiada pelo fato de estar entre os rios Tamanduate\u00ed e Tiet\u00ea, e pela estrada de ferro inglesa S\u00e3o Paulo Railway constru\u00edda entre os anos de 1860 e 1867. Assim como ter o panorama da mesclagem cultural proporcionada pelos diferentes idiomas, pela variedade culin\u00e1ria e por fisionomias e vestimentas t\u00e3o diversificadas.<\/p>\n<p>Al\u00e9m da linguagem hist\u00f3rica, a exposi\u00e7\u00e3o apresenta trabalhos art\u00edsticos realizados por artistas pl\u00e1sticos como Fefa Brito,\u00a0Gina Dinucci, Hugo Perucci, Tati Bo, V\u00e2nia Medeiros e Eduardo Rosa, que fizeram\u00a0uso de\u00a0 linhas, l\u00e3s e barbantes para criar desenhos e novos olhares sobre o Bom Retiro.\u00a0 A fot\u00f3grafa\u00a0C\u00e1ssia Xavier\u00a0exp\u00f5e seu trabalho com imagens atuais do cotidiano do Bom Retiro.<\/p>\n<p>A mostra reuniu acervos particulares e de diversas institui\u00e7\u00f5es como Arquivo Hist\u00f3rico Judaico Brasileiro, Associa\u00e7\u00e3o Brasileira de Coreanos, Associa\u00e7\u00e3o Brasileira de Preserva\u00e7\u00e3o Ferrovi\u00e1ria, Iphan, Memorial do Imigrante, Museu da Pessoa e da pr\u00f3pria Funda\u00e7\u00e3o.<\/p>\n<p>Servi\u00e7o<\/p>\n<p>Exposi\u00e7\u00e3o \u201cBom Retiro, uma costura de povos\u201d<\/p>\n<p>Museu da Energia de S\u00e3o Paulo<\/p>\n<p>VISITA\u00c7\u00c3O GRATUITA<\/p>\n<p>In\u00edcio: 10\/08\/2009<\/p>\n<p>Endere\u00e7o: Alameda Cleveland, 601, Campos El\u00edseos<\/p>\n<p>Informa\u00e7\u00f5es:\u00a0<a href=\"http:\/\/tr2.virtualtarget.com.br\/index.dma\/DmaClick?1194,7125,18381,30266,7a33e6be914501edb355503110e58d9a,aHR0cDovL3d3dy5tdXNldWRhZW5lcmdpYS5vcmcuYnIv,2\" target=\"_blank\">www.museudaenergia.org.br<\/a><\/p>\n","protected":false},"excerpt":{"rendered":"<p>A partir do dia 10 de agosto, o bairro do Bom Retiro, na regi\u00e3o central da capital paulista, recebe homenagem do Museu da Energia de S\u00e3o Paulo da Funda\u00e7\u00e3o Energia e Saneamento, com a exposi\u00e7\u00e3o\u00a0Bom Retiro, uma costura de povos. A mostra, que ficar\u00e1\u00a0 aberta ao p\u00fablico at\u00e9 janeiro de 2010, apresenta as diversas faces [&hellip;]<\/p>\n","protected":false},"author":2,"featured_media":0,"comment_status":"open","ping_status":"open","sticky":false,"template":"","format":"standard","meta":{"tdm_status":"","tdm_grid_status":"","footnotes":""},"categories":[22],"tags":[],"class_list":{"0":"post-8948","1":"post","2":"type-post","3":"status-publish","4":"format-standard","6":"category-brasil"},"_links":{"self":[{"href":"https:\/\/migracao.redenoticia.com.br\/noticia\/wp-json\/wp\/v2\/posts\/8948","targetHints":{"allow":["GET"]}}],"collection":[{"href":"https:\/\/migracao.redenoticia.com.br\/noticia\/wp-json\/wp\/v2\/posts"}],"about":[{"href":"https:\/\/migracao.redenoticia.com.br\/noticia\/wp-json\/wp\/v2\/types\/post"}],"author":[{"embeddable":true,"href":"https:\/\/migracao.redenoticia.com.br\/noticia\/wp-json\/wp\/v2\/users\/2"}],"replies":[{"embeddable":true,"href":"https:\/\/migracao.redenoticia.com.br\/noticia\/wp-json\/wp\/v2\/comments?post=8948"}],"version-history":[{"count":0,"href":"https:\/\/migracao.redenoticia.com.br\/noticia\/wp-json\/wp\/v2\/posts\/8948\/revisions"}],"wp:attachment":[{"href":"https:\/\/migracao.redenoticia.com.br\/noticia\/wp-json\/wp\/v2\/media?parent=8948"}],"wp:term":[{"taxonomy":"category","embeddable":true,"href":"https:\/\/migracao.redenoticia.com.br\/noticia\/wp-json\/wp\/v2\/categories?post=8948"},{"taxonomy":"post_tag","embeddable":true,"href":"https:\/\/migracao.redenoticia.com.br\/noticia\/wp-json\/wp\/v2\/tags?post=8948"}],"curies":[{"name":"wp","href":"https:\/\/api.w.org\/{rel}","templated":true}]}}