{"id":8950,"date":"2009-08-17T15:22:57","date_gmt":"2009-08-17T19:22:57","guid":{"rendered":"http:\/\/www.redenoticia.com.br\/noticia\/?p=8950"},"modified":"2009-08-17T15:22:57","modified_gmt":"2009-08-17T19:22:57","slug":"experiencias-com-atividades-de-extensao-foram-tema-de-debate-sediado-em-sao-carlos","status":"publish","type":"post","link":"https:\/\/migracao.redenoticia.com.br\/noticia\/2009\/experiencias-com-atividades-de-extensao-foram-tema-de-debate-sediado-em-sao-carlos\/8950","title":{"rendered":"Experi\u00eancias com atividades de extens\u00e3o foram tema de debate sediado em S\u00e3o Carlos"},"content":{"rendered":"<p>Criar um v\u00ednculo forte e interativo entre universidade e comunidade. Este \u00e9 o principal objetivo das atividades de extens\u00e3o universit\u00e1ria, promovidas pelas institui\u00e7\u00f5es de Ensino Superior p\u00fablicas no Brasil. O tema foi o foco central do Encontro dos Pr\u00f3-Reitores de Extens\u00e3o das universidades p\u00fablicas paulistas, realizado na \u00faltima sexta-feira, no campus S\u00e3o Carlos da UFSCar.<br \/>\nO principal objetivo do evento foi abrir espa\u00e7o para troca de experi\u00eancias entre os Pr\u00f3-Reitores das universidades, que puderam apresentar os trabalhos desenvolvidos em suas institui\u00e7\u00f5es e refletir sobre os temas que ser\u00e3o discutidos no F\u00f3rum Nacional de Pr\u00f3-Reitores, que acontecer\u00e1 em novembro. Foram cerca de 40 participantes, entre eles os representantes da Unicamp, USP, Unifesp, Universidade de Taubat\u00e9 (UNITAU), UFSCar e Universidade Federal do ABC (UFABC).<br \/>\nA professora Marina Palhares, Pr\u00f3-Reitora de Extens\u00e3o da UFSCar, define que as a\u00e7\u00f5es de extens\u00e3o universit\u00e1ria buscam fazer um di\u00e1logo entre o conhecimento das universidades e das comunidades, trazendo um benef\u00edcio imediato para a popula\u00e7\u00e3o, uma vez que o conhecimento de ponta das institui\u00e7\u00f5es de ensino podem ser utilizados para atender a sua demanda. Como exemplo, a professora destacou o car\u00e1ter de extens\u00e3o das atividades desenvolvidas na Unidade Sa\u00fade-Escola (USE) da UFSCar, em que alunos, professores e pesquisadores de diversas \u00e1reas da Sa\u00fade oferecem atendimento direto \u00e0 popula\u00e7\u00e3o de S\u00e3o Carlos, apresentando inova\u00e7\u00f5es nesses ramos do conhecimento.<br \/>\nNo total, a Pr\u00f3-Reitoria de Extens\u00e3o (ProEx) da UFSCar registra cerca de 350 atividades de extens\u00e3o por semestre, sempre direcionadas a toda a comunidade. &#8220;Temos um di\u00e1logo muito aberto com a cidade de S\u00e3o Carlos, principalmente nas \u00e1reas de tecnologia, sa\u00fade e educa\u00e7\u00e3o&#8221;, reflete a professora, acrescentando que o campus Araras da UFSCar, onde funciona o Centro de Ci\u00eancias Agr\u00e1rias, promove intera\u00e7\u00e3o com os pequenos produtores rurais da regi\u00e3o, e o campus Sorocaba, rec\u00e9m-constru\u00eddo, inicia um di\u00e1logo importante com a comunidade local.<br \/>\nNo \u00e2mbito das universidades p\u00fablicas paulistas, Palhares aponta que est\u00e1 acontecendo um movimento importante de fortalecimento dessas institui\u00e7\u00f5es. &#8220;O nosso foco \u00e9 ter unidade em aspectos como a pesquisa, a produ\u00e7\u00e3o de conhecimento e a gradua\u00e7\u00e3o&#8221;, revela a Pr\u00f3-Reitora, ressaltando que a promo\u00e7\u00e3o deste Encontro \u00e9 uma oportunidade para estreitar os contatos e trocar as experi\u00eancias. Al\u00e9m disso, Marina Palhares aponta que o evento abre duas frentes importantes de fortalecimento. &#8220;Uma delas \u00e9 a valoriza\u00e7\u00e3o da extens\u00e3o, para que os professores a utilizem como um dos pilares de seu trabalho. A outra frente \u00e9 ver a extens\u00e3o universit\u00e1ria como interface entre ensino, pesquisa e extens\u00e3o&#8221;, relata a professora.<br \/>\nO Encontro sediado na UFSCar teve a presen\u00e7a da professora Angela Dalben, Pr\u00f3-Reitora de Extens\u00e3o da Universidade Federal de Minas Gerais (UFMG), que participou como convidada do evento e apresentou a palestra &#8220;Constru\u00e7\u00e3o de Indicadores da Extens\u00e3o e sua Interface com a Pol\u00edtica Acad\u00eamica Institucional&#8221;. Para Dalben, os projetos de extens\u00e3o das universidades apresentam aspectos positivos neste momento. Isto, segundo ela, \u00e9 promovido pelo esclarecimento do papel das universidade p\u00fablicas. &#8220;N\u00e3o somos apenas um espa\u00e7o que oferece cursos de gradua\u00e7\u00e3o e p\u00f3s-gradua\u00e7\u00e3o, ou que desenvolve pesquisas. Somos uma institui\u00e7\u00e3o p\u00fablica que precisa ouvir a sociedade e prestar contas a ela. A extens\u00e3o tem favorecido isso a partir do momento em que permite um di\u00e1logo com a popula\u00e7\u00e3o e com as necessidades do Pa\u00eds&#8221;, revela a representante da UFMG. Para ela, os principais desafios das universidades, frente \u00e0 expans\u00e3o das atividades de extens\u00e3o, \u00e9 disseminar a compreens\u00e3o do car\u00e1ter dessas a\u00e7\u00f5es, valorizar a relev\u00e2ncia social do conhecimento produzido pelas comunidades e tamb\u00e9m abrir mais o espa\u00e7o para o di\u00e1logo com a popula\u00e7\u00e3o.<br \/>\nTamb\u00e9m durante o encontro, o Pr\u00f3-Reitor de Cultura e Extens\u00e3o da Universidade de S\u00e3o Paulo (USP), professor Ruy Alberto Corr\u00eaa Altafin, ministrou a palestra &#8220;Releitura da Extens\u00e3o Universit\u00e1ria&#8221;. Durante sua apresenta\u00e7\u00e3o, Altafin refor\u00e7ou o compromisso universit\u00e1rio com a pesquisa, ensino e extens\u00e3o, com resultados que beneficiem a sociedade. &#8220;A extens\u00e3o deve contemplar uma parceria entre a sociedade e a universidade, a partir de pesquisa e ensino. Os projetos de extens\u00e3o devem atuar como multiplicadores do conhecimento produzidos na universidade em benef\u00edcio da sociedade&#8221;, afirmou o Pr\u00f3-reitor da USP.<br \/>\nAl\u00e9m das palestras, os Pr\u00f3-Reitores visitaram os n\u00facleos de extens\u00e3o da UFSCar para conhecer as atividades desenvolvidas. O pr\u00f3ximo encontro dos Pr\u00f3-Reitores de Extens\u00e3o das universidades p\u00fablicas paulistas ser\u00e1 realizado na Unicamp com foco em temas como meio ambiente e sa\u00fade.<\/p>\n","protected":false},"excerpt":{"rendered":"<p>Criar um v\u00ednculo forte e interativo entre universidade e comunidade. Este \u00e9 o principal objetivo das atividades de extens\u00e3o universit\u00e1ria, promovidas pelas institui\u00e7\u00f5es de Ensino Superior p\u00fablicas no Brasil. O tema foi o foco central do Encontro dos Pr\u00f3-Reitores de Extens\u00e3o das universidades p\u00fablicas paulistas, realizado na \u00faltima sexta-feira, no campus S\u00e3o Carlos da UFSCar. [&hellip;]<\/p>\n","protected":false},"author":2,"featured_media":0,"comment_status":"open","ping_status":"open","sticky":false,"template":"","format":"standard","meta":{"tdm_status":"","tdm_grid_status":"","footnotes":""},"categories":[22],"tags":[],"class_list":{"0":"post-8950","1":"post","2":"type-post","3":"status-publish","4":"format-standard","6":"category-brasil"},"_links":{"self":[{"href":"https:\/\/migracao.redenoticia.com.br\/noticia\/wp-json\/wp\/v2\/posts\/8950","targetHints":{"allow":["GET"]}}],"collection":[{"href":"https:\/\/migracao.redenoticia.com.br\/noticia\/wp-json\/wp\/v2\/posts"}],"about":[{"href":"https:\/\/migracao.redenoticia.com.br\/noticia\/wp-json\/wp\/v2\/types\/post"}],"author":[{"embeddable":true,"href":"https:\/\/migracao.redenoticia.com.br\/noticia\/wp-json\/wp\/v2\/users\/2"}],"replies":[{"embeddable":true,"href":"https:\/\/migracao.redenoticia.com.br\/noticia\/wp-json\/wp\/v2\/comments?post=8950"}],"version-history":[{"count":0,"href":"https:\/\/migracao.redenoticia.com.br\/noticia\/wp-json\/wp\/v2\/posts\/8950\/revisions"}],"wp:attachment":[{"href":"https:\/\/migracao.redenoticia.com.br\/noticia\/wp-json\/wp\/v2\/media?parent=8950"}],"wp:term":[{"taxonomy":"category","embeddable":true,"href":"https:\/\/migracao.redenoticia.com.br\/noticia\/wp-json\/wp\/v2\/categories?post=8950"},{"taxonomy":"post_tag","embeddable":true,"href":"https:\/\/migracao.redenoticia.com.br\/noticia\/wp-json\/wp\/v2\/tags?post=8950"}],"curies":[{"name":"wp","href":"https:\/\/api.w.org\/{rel}","templated":true}]}}