{"id":8955,"date":"2009-08-17T15:41:57","date_gmt":"2009-08-17T19:41:57","guid":{"rendered":"http:\/\/www.redenoticia.com.br\/noticia\/?p=8955"},"modified":"2009-08-17T15:41:57","modified_gmt":"2009-08-17T19:41:57","slug":"brasil-produzira-vacina-pneumococica-contra-pneumonia-e-meningite","status":"publish","type":"post","link":"https:\/\/migracao.redenoticia.com.br\/noticia\/2009\/brasil-produzira-vacina-pneumococica-contra-pneumonia-e-meningite\/8955","title":{"rendered":"Brasil produzir\u00e1 vacina pneumoc\u00f3cica contra pneumonia e meningite"},"content":{"rendered":"<p>O Minist\u00e9rio da Sa\u00fade d\u00e1 mais um passo para reduzir a depend\u00eancia tecnol\u00f3gica no setor e impulsionar a ind\u00fastria farmac\u00eautica nacional. Nesta segunda-feira, 17 de agosto, firmou acordo de transfer\u00eancia de tecnologia com a empresa inglesa GlaxoSmithKline (GSK) para a produ\u00e7\u00e3o da vacina pneumoc\u00f3cica conjugada, que protege contra a pneumonia e meningite por pneumococo. O imunizante ser\u00e1 fabricado no Laborat\u00f3rio Biomanguinhos da Funda\u00e7\u00e3o Oswaldo Cruz (FioCruz \u2013 Rio) a partir do pr\u00f3ximo ano. Ele protege contra meningitebacteriana, pneumonia e otite m\u00e9dia aguda e entrar\u00e1 no Programa Nacional de Imuniza\u00e7\u00f5es j\u00e1 em 2010.<\/p>\n<p>\u201cCom essa incorpora\u00e7\u00e3o, o PNI, que \u00e9 um programa de largo reconhecimento mundial, avan\u00e7a, se consolida e qualifica cada vez mais. Hoje, essa vacina est\u00e1 acess\u00edvel apenas a quem pode pagar cerca de R$ 500 no mercado privado, para proteger cada crian\u00e7a. A partir do pr\u00f3ximo ano, estar\u00e1 dispon\u00edvel gratuitamente no SUS\u201d, disse o ministro da Sa\u00fade, Jos\u00e9 Gomes Tempor\u00e3o, durante a solenidade de assinatura do acordo.<\/p>\n<p>Estima-se que a incorpora\u00e7\u00e3o da vacina pneumoc\u00f3cica conjugada no SUS contribuir\u00e1 para evitar a morte de 10 mil crian\u00e7as por ano. A imuniza\u00e7\u00e3o se configura, assim, como mais um instrumento para que o Brasil acelere a redu\u00e7\u00e3o da mortalidade em crian\u00e7as com menos de cinco anos e cumpra antecipadamente uma das metas dos Objetivos do Mil\u00eanio, estabelecidos pela Organiza\u00e7\u00e3o Mundial da Sa\u00fade.<\/p>\n<p>A Fiocruz entregar\u00e1 a cada ano 13,1 milh\u00f5es de doses da vacina, quantidade suficiente para imunizar os 3,2 milh\u00f5es de beb\u00eas que nascem a cada ano.<\/p>\n<p><strong> <\/strong><\/p>\n<p><strong>DESENVOLVIMENTO DE NOVAS VACINAS <\/strong>&#8211; Al\u00e9m da incorpora\u00e7\u00e3o da nova vacina ao PNI e da transfer\u00eancia gradual de tecnologia para produ\u00e7\u00e3o no Brasil, o acordo firmado entre a Fiocruz e a GSK define ainda uma parceria para a instala\u00e7\u00e3o, na Fiocruz, de plataformas para pesquisa e desenvolvimento de vacinas contra dengue, a febre amarela inativada e a mal\u00e1ria vivax. \u201cIsso \u00e9 absolutamente inovador, pela primeira vez uma institui\u00e7\u00e3o como a Fiocruz e um laborat\u00f3rio privado multinacional v\u00e3o trabalhar juntos em fases pr\u00e9-clinicas para o desenvolvimento de vacinas relacionadas a doen\u00e7as do interesse do Brasil e que s\u00e3o importantes do ponto de vista de morbidade e de mortalidade no pa\u00eds\u201d, afirmou o ministro.<\/p>\n<p>A primeira etapa dessa parceria consistir\u00e1 no desenvolvimento tecnol\u00f3gico de vacina para dengue com o investimento de R$ 92,5 milh\u00f5es por parte da GSK, sem contar com a contrapartida do governo brasileiro.<\/p>\n<p>A iniciativa fortalece o Complexo Industrial da Sa\u00fade, uma das frentes de trabalho da atual gest\u00e3o do minist\u00e9rio voltada \u00e0 auto-sufici\u00eancia tecnol\u00f3gica no setor. As a\u00e7\u00f5es nessa \u00e1rea t\u00eam como objetivo reduzir para US$ 4,4 bilh\u00f5es o d\u00e9ficit comercial da ind\u00fastria farmac\u00eautica e de equipamentos em sa\u00fade e desenvolver tecnologia para a produ\u00e7\u00e3o local de 20 produtos estrat\u00e9gicos do Sistema \u00danico de Sa\u00fade at\u00e9 o fim de 2012.<\/p>\n<p><strong>POTENCIAL NACIONAL \u2013<\/strong> Nesse contexto, a ind\u00fastria de vacina \u00e9 um dos setores mais bem colocados. O pa\u00eds \u00e9 o maior produtor da Am\u00e9rica Latina, com a fabrica\u00e7\u00e3o de mais de 260 milh\u00f5es de doses a cada ano. O Brasil caminha para se tornar auto-suficiente no setor, uma vez que as empresas locais respondem por 90% das doses distribu\u00eddas pelo Programa Nacional de Imuniza\u00e7\u00e3o (PNI). De um total de 26 tipos de vacinas oferecidos pelo programa, 15 s\u00e3o fabricadas em laborat\u00f3rios brasileiros. As 11 restantes \u2013 que correspondem a 10% do total de doses distribu\u00eddas a cada ano \u2013 s\u00e3o importadas.<\/p>\n<p>Com o desenvolvimento no setor, o Brasil ser\u00e1 o \u00fanico pa\u00eds da Am\u00e9rica Latina a produzir a vacina contra Influenza A (H1N1), em um contexto de pandemia e corrida mundial pelo produto. Apenas um pequeno grupo de laborat\u00f3rios, concentrado nos Estados Unidos e Europa, det\u00e9m tecnologia e estrutura fabril para produzir a vacina.<\/p>\n<p>O Minist\u00e9rio da Sa\u00fade fechou a compra de 18 milh\u00f5es de doses, que ser\u00e3o produzidas pelo Instituto Butantan, que tamb\u00e9m faz a vacina contra a gripe comum. O m\u00e9todo de fabrica\u00e7\u00e3o da vacina contra a nova gripe \u00e9 muito parecido com o da vacina contra a gripe sazonal. O Instituto Butantan adquiriu essa tecnologia por meio de acordo com a Sanofi Pasteur, cuja transfer\u00eancia tecnol\u00f3gica termina e 2011.<\/p>\n<p><strong>INVESTIMENTO \u2013<\/strong> O Minist\u00e9rio da Sa\u00fade investir\u00e1 R$ 1 bilh\u00e3o na compra e produ\u00e7\u00e3o de vacinas em 2009. Outros R$ 200 milh\u00f5es est\u00e3o destinados para o aumento da capacidade de produ\u00e7\u00e3o e desenvolvimento de novas vacinas. Entre elas, a pneumoc\u00f3cica \u2013 do recente acordo firmado com a GSK, o aprimoramento da vacina contra febre amarela e uma vacina combinada contra leishmaniose e raiva canina.<\/p>\n<p>A vacina penumoc\u00f3cica combinada ser\u00e1 a quinta produzida no Brasil a partir de coopera\u00e7\u00e3o cient\u00edfica e tecnol\u00f3gica com outros pa\u00edses. O Minist\u00e9rio da Sa\u00fade firmou acordos com empresas estrangeiras para a produ\u00e7\u00e3o, por exemplo, da tr\u00edplice viral \u2013 que protege contra sarampo, rub\u00e9ola e cachumba, e da pr\u00f3pria vacina contra a gripe sazonal.<\/p>\n<p>No caso da nova parceria, o processo de transfer\u00eancia tecnol\u00f3gica termina em 2017, quando o Laborat\u00f3rio de Biomanguinhos passar\u00e1 a dominar todas as etapas, tornando-se auto-suficiente na produ\u00e7\u00e3o. O acordo prev\u00ea ainda o desenvolvimento de vacinas para dengue, febre amarela e mal\u00e1ria. O laborat\u00f3rio brasileiro e a GSK ter\u00e3o patente compartilhada nos resultados alcan\u00e7ados com esse trabalho.<\/p>\n<p>O Laborat\u00f3rio de Biomanguinhos da FioCruz \u00e9 um dos principais produtores de vacinas do pa\u00eds. Junto com o Instituto Butantan, de S\u00e3o Paulo, responde por 75% da produ\u00e7\u00e3o nacional de doses. Os dois produzem 13 tipos de vacinas dos 15 fabricados no pa\u00eds. Os outros dois tipos s\u00e3o produzidos pela Funda\u00e7\u00e3o Ataulpho de Paiva, no Rio de Janeiro, e o Instituto de Tecnologia do Paran\u00e1 (Tecpar), no Paran\u00e1. Essas institui\u00e7\u00f5es produzem a BCG e a anti-r\u00e1bica canina, respectivamente.<\/p>\n<p><strong>Por que investir em vacinas?<\/strong><\/p>\n<p>O investimento em vacinas \u00e9 estrat\u00e9gico para o pa\u00eds. O Brasil tem uma popula\u00e7\u00e3o de 190 milh\u00f5es de pessoas e 3,2 milh\u00f5es de crian\u00e7as que nascem a cada ano. Por isso, demanda grandes quantidades de doses de vacinas. Seria altamente vulner\u00e1vel ao sistema de sa\u00fade do pa\u00eds ser dependente de importa\u00e7\u00e3o desses insumos. Isso porque o mercado internacional, muitas vezes, \u00e9 afetado por situa\u00e7\u00f5es pol\u00edticas e econ\u00f4micas, o que torna muito dif\u00edcil a aquisi\u00e7\u00e3o imediata de imunobiol\u00f3gicos, sobretudo em grandes quantidades como a que o pa\u00eds necessita.<\/p>\n<p><strong>Complexo Industrial da Sa\u00fade (CIS)<\/strong><\/p>\n<p>Esta frente tem o intuito de impulsionar a ind\u00fastria farmac\u00eautica nacional\u00a0e\u00a0de equipamentos de sa\u00fade para diminuir a depend\u00eancia do Brasil em rela\u00e7\u00e3o a esses produtos. Entre as suas metas est\u00e1 o desenvolvimento de tecnologia para a produ\u00e7\u00e3o local de 20 produtos estrat\u00e9gicos do SUS at\u00e9 2013.<\/p>\n<p>Em 2008, o setor de sa\u00fade representou 8% do Produto Interno Bruto (PIB) e movimentou R$ 160 bilh\u00f5es da economia do pa\u00eds. Cerca de 10% da popula\u00e7\u00e3o brasileira ativa t\u00eam v\u00ednculo empregat\u00edcio com o setor.<\/p>\n<p>O mercado farmac\u00eautico nacional movimenta R$ 28 bilh\u00f5es, com alta taxa de crescimento anual, colocando-se entre os 10 maiores do mundo. Mas esses n\u00fameros podem ser ainda mais altos futuramente, com a Pol\u00edtica de Desenvolvimento Produtivo, conduzida pelo Minist\u00e9rio da Ind\u00fastria e Com\u00e9rcio e Desenvolvimento (MDIC) e que tem como um dos bra\u00e7os o Complexo Industrial da Sa\u00fade.<\/p>\n<p>Na d\u00e9cada de 1990, com a abertura do mercado \u00e0s empresas estrangeiras, a ind\u00fastria de sa\u00fade nacional ficou enfraquecida, com isso, o d\u00e9ficit na balan\u00e7a comercial acumulado cresceu de US$ 700 milh\u00f5es ao ano no final dos anos 80, para US$ 7,13 bilh\u00f5es em 2008 acumulado. O Brasil tornou-se extremamente dependente de produtos com maior densidade de conhecimento e tecnologia. Por exemplo, somente em 2008, o Brasil importou US$ 1,4 bilh\u00f5es em vacinas, soros e hemoderivados e exportou US$ 37 milh\u00f5es em produtos de baixo valor agregado.<\/p>\n<p>Mudar este cen\u00e1rio, no entanto, requer investimentos, melhorar qualidade dos produtos oferecidos para que possam ser mais competitivos, melhorar a estrutura das ind\u00fastrias e fazer parcerias p\u00fablico-privadas. Em troca, ser\u00e3o gerados mais empregos no pa\u00eds.<\/p>\n","protected":false},"excerpt":{"rendered":"<p>O Minist\u00e9rio da Sa\u00fade d\u00e1 mais um passo para reduzir a depend\u00eancia tecnol\u00f3gica no setor e impulsionar a ind\u00fastria farmac\u00eautica nacional. Nesta segunda-feira, 17 de agosto, firmou acordo de transfer\u00eancia de tecnologia com a empresa inglesa GlaxoSmithKline (GSK) para a produ\u00e7\u00e3o da vacina pneumoc\u00f3cica conjugada, que protege contra a pneumonia e meningite por pneumococo. O [&hellip;]<\/p>\n","protected":false},"author":2,"featured_media":0,"comment_status":"open","ping_status":"open","sticky":false,"template":"","format":"standard","meta":{"tdm_status":"","tdm_grid_status":"","footnotes":""},"categories":[22,5],"tags":[],"class_list":{"0":"post-8955","1":"post","2":"type-post","3":"status-publish","4":"format-standard","6":"category-brasil","7":"category-saude-e-vida"},"_links":{"self":[{"href":"https:\/\/migracao.redenoticia.com.br\/noticia\/wp-json\/wp\/v2\/posts\/8955","targetHints":{"allow":["GET"]}}],"collection":[{"href":"https:\/\/migracao.redenoticia.com.br\/noticia\/wp-json\/wp\/v2\/posts"}],"about":[{"href":"https:\/\/migracao.redenoticia.com.br\/noticia\/wp-json\/wp\/v2\/types\/post"}],"author":[{"embeddable":true,"href":"https:\/\/migracao.redenoticia.com.br\/noticia\/wp-json\/wp\/v2\/users\/2"}],"replies":[{"embeddable":true,"href":"https:\/\/migracao.redenoticia.com.br\/noticia\/wp-json\/wp\/v2\/comments?post=8955"}],"version-history":[{"count":0,"href":"https:\/\/migracao.redenoticia.com.br\/noticia\/wp-json\/wp\/v2\/posts\/8955\/revisions"}],"wp:attachment":[{"href":"https:\/\/migracao.redenoticia.com.br\/noticia\/wp-json\/wp\/v2\/media?parent=8955"}],"wp:term":[{"taxonomy":"category","embeddable":true,"href":"https:\/\/migracao.redenoticia.com.br\/noticia\/wp-json\/wp\/v2\/categories?post=8955"},{"taxonomy":"post_tag","embeddable":true,"href":"https:\/\/migracao.redenoticia.com.br\/noticia\/wp-json\/wp\/v2\/tags?post=8955"}],"curies":[{"name":"wp","href":"https:\/\/api.w.org\/{rel}","templated":true}]}}